{"id":2684,"date":"2014-10-09T20:54:40","date_gmt":"2014-10-09T22:54:40","guid":{"rendered":"http:\/\/www.ifbaiano.edu.br\/unidades\/lapa\/?p=2684"},"modified":"2014-10-09T20:56:54","modified_gmt":"2014-10-09T22:56:54","slug":"lapprudes-participara-do-i-simposio-baiano-de-agroecologia-em-ilheus","status":"publish","type":"post","link":"https:\/\/www.ifbaiano.edu.br\/unidades\/lapa\/2014\/10\/09\/lapprudes-participara-do-i-simposio-baiano-de-agroecologia-em-ilheus\/","title":{"rendered":"LaPPRuDes participar\u00e1 do I Simp\u00f3sio Baiano de Agroecologia em Ilh\u00e9us"},"content":{"rendered":"<p>Alunos do Curso T\u00e9cnico em Agricultura do campus Bom Jesus da Lapa que s\u00e3o estagi\u00e1rios (as) do Laborat\u00f3rio de Pol\u00edticas P\u00fablicas, Ruralidades e Desenvolvimento Territorial \u2013 LaPPRuDes, aprovaram e apresentar\u00e3o junto com os professores Heron Souza e Davi da Costa, quatro trabalhos cient\u00edficos no I Simp\u00f3sio de Agroecologia da Bahia, que ser\u00e1 realizado na Universidade Estadual de Santa Cruz, na cidade de Ilh\u00e9us, nos dias 12 e 13 de outubro de 2014.<br \/>\nSeguem abaixo os t\u00edtulos e os autores dos trabalhos:<\/p>\n<p>USOS DE MACAMBIRA E FAVELEIRA EM MODELIZA\u00c7\u00c3O DE HORTAS AGROECOL\u00d3GICAS A PARTIR DE LEVANTAMENTO ETNOBOT\u00c2NICO NO SERT\u00c3O BAIANO.<br \/>\nAUTORES: Professor: Davi Silva da Costa. Alunos: Felipe Nonato dos Santos, Itana Domingues Boa Sorte e Givanilson Pereira de Jesus.<\/p>\n<p>DESAFIOS NA INCUBA\u00c7\u00c3O DE UMA ASSOCIA\u00c7\u00c3O DE MULHERES: A MANDIOCULTURA COMO POTENCIALIZADORA PARA A TRANSI\u00c7\u00c3O AGROECOL\u00d3GICA<br \/>\nAUTORES: Professor: Davi Silva da Costa. Alunos: Tassiane de Almeida Silva, Selma Ana da Costa Ferreira e Vit\u00f3rio Ant\u00f4nio Pereira de Souza.<\/p>\n<p>EDUCA\u00c7\u00c3O DO CAMPO E HORTAS AGROECOL\u00d3GICAS: UMA PROPOSTA METODOL\u00d3GICA DE FORMA\u00c7\u00c3O CONTINUADA E INTERA\u00c7\u00c3O ESCOLA- COMUNIDADE<br \/>\nAUTORES: Professores: Davi Silva da Costa e Heron Ferreira Souza. Alunos: Bianca Stephanie Paranhos Silva Ramos, Fabiana Maranha da Silva e M\u00f4nica da Silva Carmo.<\/p>\n<p>DIAGN\u00d3STICO RURAL PARTICIPATIVO E POTENCIALIDADES DE PR\u00c1TICAS DE BASE AGROECOL\u00d3GICAS EM MUNIC\u00cdPIO DO TERRIT\u00d3RIO VELHO CHICO- BAHIA: DI\u00c1LOGOS, PROBLEMATIZA\u00c7\u00d5ES E PERSPECTIVAS<br \/>\nAUTORES: Professor: Heron Ferreira Souza. Alunos: Arianna Santana de Menezes, Maria \u00c2ngela Silva Alves, Roseane Pereira Santana e Solange Ferreira dos Anjos.<\/p>\n<p>&nbsp;<\/p>\n<p><a href=\"http:\/\/www.ifbaiano.edu.br\/unidades\/lapa\/files\/2014\/10\/Logo-LAPRRUDES.jpg\"><img decoding=\"async\" loading=\"lazy\" class=\"alignnone size-medium wp-image-2689\" src=\"http:\/\/www.ifbaiano.edu.br\/unidades\/lapa\/files\/2014\/10\/Logo-LAPRRUDES-300x225.jpg\" alt=\"\" width=\"300\" height=\"225\" srcset=\"https:\/\/www.ifbaiano.edu.br\/unidades\/lapa\/files\/2014\/10\/Logo-LAPRRUDES-300x225.jpg 300w, https:\/\/www.ifbaiano.edu.br\/unidades\/lapa\/files\/2014\/10\/Logo-LAPRRUDES-400x300.jpg 400w, https:\/\/www.ifbaiano.edu.br\/unidades\/lapa\/files\/2014\/10\/Logo-LAPRRUDES.jpg 960w\" sizes=\"(max-width: 300px) 100vw, 300px\" \/><\/a><a href=\"http:\/\/www.ifbaiano.edu.br\/unidades\/lapa\/files\/2014\/10\/logo_sab_site.png\"><img decoding=\"async\" loading=\"lazy\" class=\"alignnone size-medium wp-image-2690\" src=\"http:\/\/www.ifbaiano.edu.br\/unidades\/lapa\/files\/2014\/10\/logo_sab_site-300x193.png\" alt=\"\" width=\"300\" height=\"193\" srcset=\"https:\/\/www.ifbaiano.edu.br\/unidades\/lapa\/files\/2014\/10\/logo_sab_site-300x193.png 300w, https:\/\/www.ifbaiano.edu.br\/unidades\/lapa\/files\/2014\/10\/logo_sab_site.png 310w\" sizes=\"(max-width: 300px) 100vw, 300px\" \/><\/a><\/p>\n","protected":false},"excerpt":{"rendered":"<p>Alunos do Curso T\u00e9cnico em Agricultura do campus Bom Jesus da Lapa que s\u00e3o estagi\u00e1rios (as) do Laborat\u00f3rio de Pol\u00edticas P\u00fablicas, Ruralidades e Desenvolvimento Territorial \u2013 LaPPRuDes, aprovaram e apresentar\u00e3o junto com os professores Heron Souza e Davi da Costa, quatro trabalhos cient\u00edficos no I Simp\u00f3sio de Agroecologia da Bahia, que ser\u00e1 realizado na Universidade [&hellip;]<\/p>\n","protected":false},"author":58,"featured_media":2689,"comment_status":"open","ping_status":"open","sticky":false,"template":"","format":"standard","meta":[],"categories":[24],"tags":[],"_links":{"self":[{"href":"https:\/\/www.ifbaiano.edu.br\/unidades\/lapa\/wp-json\/wp\/v2\/posts\/2684"}],"collection":[{"href":"https:\/\/www.ifbaiano.edu.br\/unidades\/lapa\/wp-json\/wp\/v2\/posts"}],"about":[{"href":"https:\/\/www.ifbaiano.edu.br\/unidades\/lapa\/wp-json\/wp\/v2\/types\/post"}],"author":[{"embeddable":true,"href":"https:\/\/www.ifbaiano.edu.br\/unidades\/lapa\/wp-json\/wp\/v2\/users\/58"}],"replies":[{"embeddable":true,"href":"https:\/\/www.ifbaiano.edu.br\/unidades\/lapa\/wp-json\/wp\/v2\/comments?post=2684"}],"version-history":[{"count":13,"href":"https:\/\/www.ifbaiano.edu.br\/unidades\/lapa\/wp-json\/wp\/v2\/posts\/2684\/revisions"}],"predecessor-version":[{"id":2699,"href":"https:\/\/www.ifbaiano.edu.br\/unidades\/lapa\/wp-json\/wp\/v2\/posts\/2684\/revisions\/2699"}],"wp:featuredmedia":[{"embeddable":true,"href":"https:\/\/www.ifbaiano.edu.br\/unidades\/lapa\/wp-json\/wp\/v2\/media\/2689"}],"wp:attachment":[{"href":"https:\/\/www.ifbaiano.edu.br\/unidades\/lapa\/wp-json\/wp\/v2\/media?parent=2684"}],"wp:term":[{"taxonomy":"category","embeddable":true,"href":"https:\/\/www.ifbaiano.edu.br\/unidades\/lapa\/wp-json\/wp\/v2\/categories?post=2684"},{"taxonomy":"post_tag","embeddable":true,"href":"https:\/\/www.ifbaiano.edu.br\/unidades\/lapa\/wp-json\/wp\/v2\/tags?post=2684"}],"curies":[{"name":"wp","href":"https:\/\/api.w.org\/{rel}","templated":true}]}}