{"id":26932,"date":"2024-01-19T10:50:41","date_gmt":"2024-01-19T13:50:41","guid":{"rendered":"https:\/\/www.ifbaiano.edu.br\/unidades\/lapa\/?p=26932"},"modified":"2024-01-19T10:52:54","modified_gmt":"2024-01-19T13:52:54","slug":"atencao-vagas-ociosas-cursos-superiores-no-ifbaiano-bom-jesus-da-lapa","status":"publish","type":"post","link":"https:\/\/www.ifbaiano.edu.br\/unidades\/lapa\/2024\/01\/19\/atencao-vagas-ociosas-cursos-superiores-no-ifbaiano-bom-jesus-da-lapa\/","title":{"rendered":"ATEN\u00c7\u00c3O &#8211; Vagas Ociosas nos Cursos de n\u00edvel Superior no IFBaiano Bom Jesus da Lapa"},"content":{"rendered":"\n<figure class=\"wp-block-image size-full\"><img decoding=\"async\" loading=\"lazy\" width=\"804\" height=\"808\" src=\"https:\/\/www.ifbaiano.edu.br\/unidades\/lapa\/files\/2024\/01\/image.png\" alt=\"\" class=\"wp-image-26933\" \/><\/figure>\n\n\n\n<hr class=\"wp-block-separator has-alpha-channel-opacity\" \/>\n\n\n\n<p>oc\u00ea est\u00e1 procurando uma oportunidade de ingresso no ensino superior? \ud83d\udca1\ud83d\udca1<\/p>\n\n\n\n<p>O campus Bom Jesus da Lapa est\u00e1 ofertando vagas ociosas para os cursos de gradua\u00e7\u00e3o em Engenharia Agron\u00f4mica e em Gest\u00e3o da Tecnologia da Informa\u00e7\u00e3o.<\/p>\n\n\n\n<p>As inscri\u00e7\u00f5es s\u00e3o gratuitas e ocorrem de forma online, de 18 a 23 de janeiro.<\/p>\n\n\n\n<p>Confira as vagas dispon\u00edveis:<\/p>\n\n\n\n<p>\ud83d\udc49 Gest\u00e3o da Tecnologia da Informa\u00e7\u00e3o &#8211; 05 vagas &#8211; 2\u00b0 per\u00edodo &#8211; noturno<br>\ud83d\udc49 Engenharia Agron\u00f4mica &#8211; 02 vagas &#8211; 3\u00b0 per\u00edodo &#8211; integral<br>\ud83d\udc49 Engenharia Agron\u00f4mica &#8211; 03 vagas &#8211; 5\u00b0 per\u00edodo &#8211; integral<\/p>\n\n\n\n<p>Para se inscrever, o candidato deve encaminhar o Requerimento de Inscri\u00e7\u00e3o, dispon\u00edvel no anexo I do edital, para o e-mail: prosel.sisu@lapa.ifbaiano.edu.br.<\/p>\n\n\n\n<p>Mais informa\u00e7\u00f5es, acesse o edital dispon\u00edvel no site do campus Lapa: https:\/\/www.ifbaiano.edu.br\/unidades\/lapa\/<\/p>\n\n\n\n<p>N\u00e3o perca essa oportunidade! \u2764\ufe0f<\/p>\n\n\n\n<p><a href=\"https:\/\/www.instagram.com\/explore\/tags\/ifbaiano\/\">#IFBaiano<\/a><a href=\"https:\/\/www.instagram.com\/explore\/tags\/campusbomjesusdalapa\/\">#CampusBomJesusdaLapa<\/a><a href=\"https:\/\/www.instagram.com\/explore\/tags\/vagasociosas\/\">#VagasOciosas<\/a><a href=\"https:\/\/www.instagram.com\/explore\/tags\/ensinosuperior\/\">#ensinosuperior<\/a><\/p>\n\n\n\n<p>.<br>.<br>.<\/p>\n\n\n\n<hr class=\"wp-block-separator has-alpha-channel-opacity\" \/>\n\n\n\n<p><a href=\"https:\/\/www.instagram.com\/explore\/tags\/pratodosverem\/\">#PraTodosVerem<\/a>&nbsp;Card com fundo em tons de azul. No topo, &#8220;Campus Bom Jesus da Lapa&#8221; e a marca do Campus. Abaixo, em destaque, &#8220;Vagas remanescentes. Gest\u00e3o da tecnologia da informa\u00e7\u00e3o &#8211; 5 vagas &#8211; noturno. Engenharia Agron\u00f4mica &#8211; 5 vagas &#8211; integral. Ao lado direito, a foto de uma menina. Ela \u00e9 branca, tem cabelos lisos pretos e veste camisa clara modelo polo. Ele uma das m\u00e3os, segura livros com capa amarela. Com a outra m\u00e3o, aponta para o texto com as vagas. Na base do card, &#8220;Inscri\u00e7\u00f5es de 18 a 23 de janeiro&#8221;. Fim da descri\u00e7\u00e3o.<\/p>\n","protected":false},"excerpt":{"rendered":"<p>oc\u00ea est\u00e1 procurando uma oportunidade de ingresso no ensino superior? \ud83d\udca1\ud83d\udca1 O campus Bom Jesus da Lapa est\u00e1 ofertando vagas ociosas para os cursos de gradua\u00e7\u00e3o em Engenharia Agron\u00f4mica e em Gest\u00e3o da Tecnologia da Informa\u00e7\u00e3o. As inscri\u00e7\u00f5es s\u00e3o gratuitas e ocorrem de forma online, de 18 a 23 de janeiro. Confira as vagas dispon\u00edveis: [&hellip;]<\/p>\n","protected":false},"author":58,"featured_media":26933,"comment_status":"open","ping_status":"open","sticky":true,"template":"","format":"standard","meta":[],"categories":[115,34,64,113,112,24,65],"tags":[],"_links":{"self":[{"href":"https:\/\/www.ifbaiano.edu.br\/unidades\/lapa\/wp-json\/wp\/v2\/posts\/26932"}],"collection":[{"href":"https:\/\/www.ifbaiano.edu.br\/unidades\/lapa\/wp-json\/wp\/v2\/posts"}],"about":[{"href":"https:\/\/www.ifbaiano.edu.br\/unidades\/lapa\/wp-json\/wp\/v2\/types\/post"}],"author":[{"embeddable":true,"href":"https:\/\/www.ifbaiano.edu.br\/unidades\/lapa\/wp-json\/wp\/v2\/users\/58"}],"replies":[{"embeddable":true,"href":"https:\/\/www.ifbaiano.edu.br\/unidades\/lapa\/wp-json\/wp\/v2\/comments?post=26932"}],"version-history":[{"count":2,"href":"https:\/\/www.ifbaiano.edu.br\/unidades\/lapa\/wp-json\/wp\/v2\/posts\/26932\/revisions"}],"predecessor-version":[{"id":26936,"href":"https:\/\/www.ifbaiano.edu.br\/unidades\/lapa\/wp-json\/wp\/v2\/posts\/26932\/revisions\/26936"}],"wp:featuredmedia":[{"embeddable":true,"href":"https:\/\/www.ifbaiano.edu.br\/unidades\/lapa\/wp-json\/wp\/v2\/media\/26933"}],"wp:attachment":[{"href":"https:\/\/www.ifbaiano.edu.br\/unidades\/lapa\/wp-json\/wp\/v2\/media?parent=26932"}],"wp:term":[{"taxonomy":"category","embeddable":true,"href":"https:\/\/www.ifbaiano.edu.br\/unidades\/lapa\/wp-json\/wp\/v2\/categories?post=26932"},{"taxonomy":"post_tag","embeddable":true,"href":"https:\/\/www.ifbaiano.edu.br\/unidades\/lapa\/wp-json\/wp\/v2\/tags?post=26932"}],"curies":[{"name":"wp","href":"https:\/\/api.w.org\/{rel}","templated":true}]}}