{"id":2716,"date":"2014-10-16T17:00:39","date_gmt":"2014-10-16T19:00:39","guid":{"rendered":"http:\/\/www.ifbaiano.edu.br\/unidades\/lapa\/?p=2716"},"modified":"2014-10-16T17:05:35","modified_gmt":"2014-10-16T19:05:35","slug":"if-baiano-campus-bom-jesus-da-lapa-inscreve-para-processo-seletivo-2015","status":"publish","type":"post","link":"https:\/\/www.ifbaiano.edu.br\/unidades\/lapa\/2014\/10\/16\/if-baiano-campus-bom-jesus-da-lapa-inscreve-para-processo-seletivo-2015\/","title":{"rendered":"IF Baiano &#8211; Campus Bom Jesus da Lapa inscreve para Processo Seletivo 2015"},"content":{"rendered":"<p>Prazo vai de 13 de outubro a 16 de novembro<\/p>\n<p>No per\u00edodo de 13 de outubro a 16 de novembro, o Instituto Federal Baiano (IF Baiano Campus Bom Jesus da Lapa) est\u00e1 com inscri\u00e7\u00f5es abertas para o Processo Seletivo 2014 para ingresso de novos estudantes. S\u00e3o 320 vagas ofertadas para os cursos t\u00e9cnicos de inform\u00e1tica e agricultura na modalidade subsequente. As inscri\u00e7\u00f5es podem ser feitas apenas pela internet atrav\u00e9s do site do Instituto. Valor da taxa \u00e9 de R$ 10,00.<\/p>\n<p>Para participar do concurso, os interessados devem ter conclu\u00eddo o ensino m\u00e9dio e preencher formul\u00e1rio de inscri\u00e7\u00e3o dispon\u00edvel na p\u00e1gina do Instituto. Al\u00e9m disso, no ato da inscri\u00e7\u00e3o, o candidato deve indicar o curso de sua prefer\u00eancia e se deseja concorrer a uma das vagas atrav\u00e9s do sistema de cotas para estudantes provenientes de escolas p\u00fablicas, cotas para candidatos com necessidades educacionais especiais ou ampla concorr\u00eancia.<\/p>\n<p>Isen\u00e7\u00e3o<\/p>\n<p>Para solicitar isen\u00e7\u00e3o, os interessados t\u00eam o per\u00edodo de 13 a 31 de outubro para enviar pedido. Para os cursos na modalidade subsequente, os candidatos devem ter cursado todo o Ensino M\u00e9dio na Rede P\u00fablica ou ter sido beneficiados por programas de bolsa integral na rede particular de ensino em todo o Ensino M\u00e9dio. J\u00e1 para os candidatos dos cursos na modalidade integrada, o requisito \u00e9 ter cursado todo o Ensino Fundamental II na Rede P\u00fablica ou ter sido beneficiado por programas de bolsa integral na rede particular de ensino em todo o Ensino Fundamental II.<\/p>\n<p>As solicita\u00e7\u00f5es podem ser feitas atrav\u00e9s de preenchimento e emiss\u00e3o de formul\u00e1rio, dispon\u00edvel na p\u00e1gina do Processo. Declara\u00e7\u00e3o ou documenta\u00e7\u00e3o comprobat\u00f3ria de conclus\u00e3o do ensino m\u00e9dio ou Fundamental na rede p\u00fablica ou por meio de bolsa integral na rede privada tamb\u00e9m devem ser entregues, pessoalmente, no ato da solicita\u00e7\u00e3o de isen\u00e7\u00e3o.<\/p>\n<p>Provas<\/p>\n<p>Para ingressar em um dos cursos, os candidatos inscritos far\u00e3o provas objetivas de m\u00faltipla escolha nas \u00e1reas Linguagens (L\u00edngua Portuguesa e Reda\u00e7\u00e3o), Ci\u00eancias Humanas (Filosofia, Geografia, Hist\u00f3ria e Sociologia), Ci\u00eancias da Natureza (Biologia, F\u00edsica e Qu\u00edmica) e Matem\u00e1tica e Reda\u00e7\u00e3o, no dia 14 de dezembro, domingo, \u00e0s 9h na cidade do campus onde pretende estudar.<\/p>\n<p>Assist\u00eancia<\/p>\n<p>Para os estudantes que residem est\u00e3o em condi\u00e7\u00e3o de vulnerabilidade socioecon\u00f4mica, o Instituto Federal Baiano, oferta o Programa de Assist\u00eancia e Inclus\u00e3o Social do Estudante (PAISE). O Programa disp\u00f5e dos aux\u00edlios alimenta\u00e7\u00e3o, transporte, moradia, c\u00f3pia e impress\u00e3o, material acad\u00eamico, uniforme e creche visando a perman\u00eancia e o bom desempenho do estudante durante o per\u00edodo escolar.<\/p>\n<p>Edital<\/p>\n<p>http:\/\/www.ifbaiano.edu.br\/reitoria\/wp-content\/uploads\/2014\/10\/edital_prosel2015.pdf<\/p>\n<p>P\u00e1gina do Processo Seletivo<\/p>\n<p>http:\/\/concurso.ifbaiano.edu.br\/aplicacoes\/20151_discente\/<\/p>\n<p>Plant\u00e3o Bem Baiano \u2013 Abertura das Inscri\u00e7\u00f5es Processo Seletivo 2015<\/p>\n<p><iframe loading=\"lazy\" width=\"500\" height=\"281\" src=\"https:\/\/www.youtube.com\/embed\/videoseries?list=UUtLJy9TA3AnS7NmOFnW-RXA\" frameborder=\"0\" allowfullscreen><\/iframe><\/p>\n<p>Coordena\u00e7\u00e3o do Processo Seletivo no Campus Bom Jesus da Lapa<\/p>\n<p>Daniela Oliveira \u2013 daniela.oliveira@lapa.ifbaiano.edu.br<\/p>\n<p>Outras Informa\u00e7\u00f5es<\/p>\n<p>estudante@concursos.ifbaiano.edu.br<\/p>\n<p>&#8212;-<\/p>\n<p>Quem somos: O Instituto Federal de Educa\u00e7\u00e3o, Ci\u00eancia e Tecnologia Baiano (IF Baiano) foi criado em 2008 e \u00e9 uma institui\u00e7\u00e3o de ensino m\u00e9dio e superior, focado na Educa\u00e7\u00e3o Profissional e Tecnol\u00f3gica. Agrega as antigas Escolas Agrot\u00e9cnicas Federais e as Escolas M\u00e9dias de Agropecu\u00e1ria Regionais da Ceplac (EMARC) presentes na Bahia. Atualmente, possui campus nos munic\u00edpios de Catu, Senhor do Bonfim, Santa In\u00eas, Guanambi, Valen\u00e7a, Teixeira de Freitas, Itapetinga, Uru\u00e7uca, Bom Jesus da Lapa e Governador Mangabeira. Em breve, ter\u00e1 mais 4 (quatro) campi nas cidades de Alagoinhas, Itaberaba, Serrinha e Xique-Xique (em fase de constru\u00e7\u00e3o).<\/p>\n","protected":false},"excerpt":{"rendered":"<p>Prazo vai de 13 de outubro a 16 de novembro No per\u00edodo de 13 de outubro a 16 de novembro, o Instituto Federal Baiano (IF Baiano Campus Bom Jesus da Lapa) est\u00e1 com inscri\u00e7\u00f5es abertas para o Processo Seletivo 2014 para ingresso de novos estudantes. S\u00e3o 320 vagas ofertadas para os cursos t\u00e9cnicos de inform\u00e1tica [&hellip;]<\/p>\n","protected":false},"author":58,"featured_media":2720,"comment_status":"open","ping_status":"open","sticky":false,"template":"","format":"standard","meta":[],"categories":[24],"tags":[],"_links":{"self":[{"href":"https:\/\/www.ifbaiano.edu.br\/unidades\/lapa\/wp-json\/wp\/v2\/posts\/2716"}],"collection":[{"href":"https:\/\/www.ifbaiano.edu.br\/unidades\/lapa\/wp-json\/wp\/v2\/posts"}],"about":[{"href":"https:\/\/www.ifbaiano.edu.br\/unidades\/lapa\/wp-json\/wp\/v2\/types\/post"}],"author":[{"embeddable":true,"href":"https:\/\/www.ifbaiano.edu.br\/unidades\/lapa\/wp-json\/wp\/v2\/users\/58"}],"replies":[{"embeddable":true,"href":"https:\/\/www.ifbaiano.edu.br\/unidades\/lapa\/wp-json\/wp\/v2\/comments?post=2716"}],"version-history":[{"count":4,"href":"https:\/\/www.ifbaiano.edu.br\/unidades\/lapa\/wp-json\/wp\/v2\/posts\/2716\/revisions"}],"predecessor-version":[{"id":2721,"href":"https:\/\/www.ifbaiano.edu.br\/unidades\/lapa\/wp-json\/wp\/v2\/posts\/2716\/revisions\/2721"}],"wp:featuredmedia":[{"embeddable":true,"href":"https:\/\/www.ifbaiano.edu.br\/unidades\/lapa\/wp-json\/wp\/v2\/media\/2720"}],"wp:attachment":[{"href":"https:\/\/www.ifbaiano.edu.br\/unidades\/lapa\/wp-json\/wp\/v2\/media?parent=2716"}],"wp:term":[{"taxonomy":"category","embeddable":true,"href":"https:\/\/www.ifbaiano.edu.br\/unidades\/lapa\/wp-json\/wp\/v2\/categories?post=2716"},{"taxonomy":"post_tag","embeddable":true,"href":"https:\/\/www.ifbaiano.edu.br\/unidades\/lapa\/wp-json\/wp\/v2\/tags?post=2716"}],"curies":[{"name":"wp","href":"https:\/\/api.w.org\/{rel}","templated":true}]}}