{"id":2723,"date":"2014-10-20T16:10:58","date_gmt":"2014-10-20T18:10:58","guid":{"rendered":"http:\/\/www.ifbaiano.edu.br\/unidades\/lapa\/?p=2723"},"modified":"2014-10-23T23:14:27","modified_gmt":"2014-10-24T01:14:27","slug":"campus-bom-jesus-da-lapa-realiza-audiencia-publica-para-discutir-implantacao-de-cursos","status":"publish","type":"post","link":"https:\/\/www.ifbaiano.edu.br\/unidades\/lapa\/2014\/10\/20\/campus-bom-jesus-da-lapa-realiza-audiencia-publica-para-discutir-implantacao-de-cursos\/","title":{"rendered":"Campus Bom Jesus da Lapa realiza audi\u00eancia p\u00fablica para discutir implanta\u00e7\u00e3o de novos cursos"},"content":{"rendered":"<div>O IF Baiano &#8211; Campus Bom Jesus da Lapa realizou, no dia 16 de outubro de 2014, uma Audi\u00eancia P\u00fablica na C\u00e2mara Municipal de Vereadores, com o intuito de apresentar Estudo de Demanda e definir os cursos que a institui\u00e7\u00e3o ofertar\u00e1 a partir do ano de 2015.<\/div>\n<div>O evento contou com a participa\u00e7\u00e3o de um p\u00fablico de 160 pessoas, envolvendo autoridades municipais do executivo e do legislativo, representantes de \u00f3rg\u00e3os p\u00fablicos, estudantes, representantes de associa\u00e7\u00f5es comunit\u00e1rias e sindicatos, profissionais da educa\u00e7\u00e3o, pais de alunos e comunidade em geral.<\/div>\n<div>O Diretor Geral abriu os trabalhos falando da miss\u00e3o institucional e da necessidade de que \u00a0a oferta dos novos cursos estejam voltadas para as reais demandas da comunidade local e regional. Em seguida, a equipe pedag\u00f3gica do Campus procedeu \u00e0 apresenta\u00e7\u00e3o do estudo de demanda realizado nos meses de julho e agosto, bem como do perfil de cada curso.Logo ap\u00f3s, o espa\u00e7o foi aberto para que a comunidade pudesse se posicionar, apresentando questionamentos e ou sugest\u00f5es. Todas as contribui\u00e7\u00f5es foram registradas pelo Campus, para contribuir nos planejamentos subsequentes. Ao final do evento, foi aprovada a implanta\u00e7\u00e3o de seis novos cursos: T\u00e9cnico em Agricultura, T\u00e9cnico em Inform\u00e1tica e T\u00e9cnico em Agroecologia (N\u00edvel M\u00e9dio, na modalidade integrado); An\u00e1lise em Desenvolvimento de Sistemas, Bacharelado em Engenharia Agron\u00f4mica e; Licenciatura em Ci\u00eancias Naturais (N\u00edvel Superior).<\/div>\n<div>Fonte: Ascom\/Campus Lapa<\/div>\n<div><a href=\"http:\/\/www.ifbaiano.edu.br\/unidades\/lapa\/files\/2014\/10\/IMG_2759.jpg\"><img decoding=\"async\" loading=\"lazy\" class=\"alignnone size-thumbnail wp-image-2724\" src=\"http:\/\/www.ifbaiano.edu.br\/unidades\/lapa\/files\/2014\/10\/IMG_2759-150x150.jpg\" alt=\"\" width=\"150\" height=\"150\" \/><\/a>\u00a0 <a href=\"http:\/\/www.ifbaiano.edu.br\/unidades\/lapa\/files\/2014\/10\/DSC079891.jpg\"><img decoding=\"async\" loading=\"lazy\" class=\"alignnone size-thumbnail wp-image-2726\" src=\"http:\/\/www.ifbaiano.edu.br\/unidades\/lapa\/files\/2014\/10\/DSC079891-150x150.jpg\" alt=\"\" width=\"150\" height=\"150\" \/><\/a>\u00a0 <a href=\"http:\/\/www.ifbaiano.edu.br\/unidades\/lapa\/files\/2014\/10\/IMG_2764.jpg\"><img decoding=\"async\" loading=\"lazy\" class=\"alignnone size-thumbnail wp-image-2727\" src=\"http:\/\/www.ifbaiano.edu.br\/unidades\/lapa\/files\/2014\/10\/IMG_2764-150x150.jpg\" alt=\"\" width=\"150\" height=\"150\" \/><\/a>\u00a0 <a href=\"http:\/\/www.ifbaiano.edu.br\/unidades\/lapa\/files\/2014\/10\/IMG_2767.jpg\"><img decoding=\"async\" loading=\"lazy\" class=\"alignnone size-thumbnail wp-image-2728\" src=\"http:\/\/www.ifbaiano.edu.br\/unidades\/lapa\/files\/2014\/10\/IMG_2767-150x150.jpg\" alt=\"\" width=\"150\" height=\"150\" \/><\/a><\/div>\n","protected":false},"excerpt":{"rendered":"<p>O IF Baiano &#8211; Campus Bom Jesus da Lapa realizou, no dia 16 de outubro de 2014, uma Audi\u00eancia P\u00fablica na C\u00e2mara Municipal de Vereadores, com o intuito de apresentar Estudo de Demanda e definir os cursos que a institui\u00e7\u00e3o ofertar\u00e1 a partir do ano de 2015. O evento contou com a participa\u00e7\u00e3o de um [&hellip;]<\/p>\n","protected":false},"author":58,"featured_media":0,"comment_status":"open","ping_status":"open","sticky":false,"template":"","format":"standard","meta":[],"categories":[24],"tags":[],"_links":{"self":[{"href":"https:\/\/www.ifbaiano.edu.br\/unidades\/lapa\/wp-json\/wp\/v2\/posts\/2723"}],"collection":[{"href":"https:\/\/www.ifbaiano.edu.br\/unidades\/lapa\/wp-json\/wp\/v2\/posts"}],"about":[{"href":"https:\/\/www.ifbaiano.edu.br\/unidades\/lapa\/wp-json\/wp\/v2\/types\/post"}],"author":[{"embeddable":true,"href":"https:\/\/www.ifbaiano.edu.br\/unidades\/lapa\/wp-json\/wp\/v2\/users\/58"}],"replies":[{"embeddable":true,"href":"https:\/\/www.ifbaiano.edu.br\/unidades\/lapa\/wp-json\/wp\/v2\/comments?post=2723"}],"version-history":[{"count":5,"href":"https:\/\/www.ifbaiano.edu.br\/unidades\/lapa\/wp-json\/wp\/v2\/posts\/2723\/revisions"}],"predecessor-version":[{"id":2731,"href":"https:\/\/www.ifbaiano.edu.br\/unidades\/lapa\/wp-json\/wp\/v2\/posts\/2723\/revisions\/2731"}],"wp:attachment":[{"href":"https:\/\/www.ifbaiano.edu.br\/unidades\/lapa\/wp-json\/wp\/v2\/media?parent=2723"}],"wp:term":[{"taxonomy":"category","embeddable":true,"href":"https:\/\/www.ifbaiano.edu.br\/unidades\/lapa\/wp-json\/wp\/v2\/categories?post=2723"},{"taxonomy":"post_tag","embeddable":true,"href":"https:\/\/www.ifbaiano.edu.br\/unidades\/lapa\/wp-json\/wp\/v2\/tags?post=2723"}],"curies":[{"name":"wp","href":"https:\/\/api.w.org\/{rel}","templated":true}]}}