{"id":2747,"date":"2014-11-19T17:32:45","date_gmt":"2014-11-19T19:32:45","guid":{"rendered":"http:\/\/www.ifbaiano.edu.br\/unidades\/lapa\/?p=2747"},"modified":"2014-11-19T17:33:18","modified_gmt":"2014-11-19T19:33:18","slug":"campus-realizara-mostra-cultural","status":"publish","type":"post","link":"https:\/\/www.ifbaiano.edu.br\/unidades\/lapa\/2014\/11\/19\/campus-realizara-mostra-cultural\/","title":{"rendered":"Campus realizar\u00e1 Mostra Cultural"},"content":{"rendered":"<div>No dia 05 de dezembro, o Campus realizar\u00e1 a I Mostra Cultural.<\/div>\n<div><!--more--><br \/>\nA Mostra Cultural objetiva estimular a produ\u00e7\u00e3o cultural e art\u00edstica da comunidade interna do campus, bem como proporcionar uma troca de saberes e experi\u00eancias atrav\u00e9s de apresenta\u00e7\u00f5es de Arte e Cultura que promover\u00e3o a integra\u00e7\u00e3o das comunidades interna e externa do Instituto Federal Baiano.Nosso espa\u00e7o est\u00e1 aberto para apresenta\u00e7\u00f5es de Teatro, Stand up, Coral, Banda, Voz e viol\u00e3o, Dan\u00e7as, Recital, Artes visuais (desenho, pintura, quadro), Artes pl\u00e1sticas, Artesanatos, entre outros.<\/p>\n<p>Apresente seu talento! Se inscreva! Inscreva seu grupo!<\/p>\n<\/div>\n<div>Inscri\u00e7\u00f5es de apresenta\u00e7\u00f5es atrav\u00e9s do site:\u00a0<a href=\"http:\/\/culturalcampuslapa.webnode.com\/\" target=\"_blank\">http:\/\/culturalcampuslapa.webnode.com\/<\/a><\/div>\n<div>Fonte: Comiss\u00e3o Organizadora<\/div>\n","protected":false},"excerpt":{"rendered":"<p>No dia 05 de dezembro, o Campus realizar\u00e1 a I Mostra Cultural.<\/p>\n","protected":false},"author":36,"featured_media":0,"comment_status":"open","ping_status":"open","sticky":false,"template":"","format":"standard","meta":[],"categories":[1],"tags":[],"_links":{"self":[{"href":"https:\/\/www.ifbaiano.edu.br\/unidades\/lapa\/wp-json\/wp\/v2\/posts\/2747"}],"collection":[{"href":"https:\/\/www.ifbaiano.edu.br\/unidades\/lapa\/wp-json\/wp\/v2\/posts"}],"about":[{"href":"https:\/\/www.ifbaiano.edu.br\/unidades\/lapa\/wp-json\/wp\/v2\/types\/post"}],"author":[{"embeddable":true,"href":"https:\/\/www.ifbaiano.edu.br\/unidades\/lapa\/wp-json\/wp\/v2\/users\/36"}],"replies":[{"embeddable":true,"href":"https:\/\/www.ifbaiano.edu.br\/unidades\/lapa\/wp-json\/wp\/v2\/comments?post=2747"}],"version-history":[{"count":2,"href":"https:\/\/www.ifbaiano.edu.br\/unidades\/lapa\/wp-json\/wp\/v2\/posts\/2747\/revisions"}],"predecessor-version":[{"id":2749,"href":"https:\/\/www.ifbaiano.edu.br\/unidades\/lapa\/wp-json\/wp\/v2\/posts\/2747\/revisions\/2749"}],"wp:attachment":[{"href":"https:\/\/www.ifbaiano.edu.br\/unidades\/lapa\/wp-json\/wp\/v2\/media?parent=2747"}],"wp:term":[{"taxonomy":"category","embeddable":true,"href":"https:\/\/www.ifbaiano.edu.br\/unidades\/lapa\/wp-json\/wp\/v2\/categories?post=2747"},{"taxonomy":"post_tag","embeddable":true,"href":"https:\/\/www.ifbaiano.edu.br\/unidades\/lapa\/wp-json\/wp\/v2\/tags?post=2747"}],"curies":[{"name":"wp","href":"https:\/\/api.w.org\/{rel}","templated":true}]}}