{"id":2750,"date":"2014-11-19T17:41:46","date_gmt":"2014-11-19T19:41:46","guid":{"rendered":"http:\/\/www.ifbaiano.edu.br\/unidades\/lapa\/?p=2750"},"modified":"2014-11-19T17:45:50","modified_gmt":"2014-11-19T19:45:50","slug":"discussao-sobre-a-politica-de-assistencia-estudantil","status":"publish","type":"post","link":"https:\/\/www.ifbaiano.edu.br\/unidades\/lapa\/2014\/11\/19\/discussao-sobre-a-politica-de-assistencia-estudantil\/","title":{"rendered":"Discuss\u00e3o sobre a Pol\u00edtica de Assist\u00eancia Estudantil"},"content":{"rendered":"<p>Discuss\u00e3o acontecer\u00e1 inicialmente com os alunos, no dia 20 de novembro de 2014, \u00e0s 14:00 horas na sala de Videoconfer\u00eancia.<\/p>\n<p><!--more-->Convidamos todos os alunos dos turnos matutino e noturno para participarem da reuni\u00e3o. Como os alunos do turno vespertino estar\u00e3o em aula, lembramos que suas contribui\u00e7\u00f5es poder\u00e3o ser colocadas em uma em uma caixa de sugest\u00f5es que estar\u00e1 dispon\u00edvel na Coordena\u00e7\u00e3o de Assist\u00eancia Estudantil no per\u00edodo de 20 a 26 de novembro.<\/p>\n<p>Contamos com a participa\u00e7\u00e3o de todos!<\/p>\n<p>Fonte: Comiss\u00e3o de Implementa\u00e7\u00e3o da Pol\u00edtica de Assist\u00eancia Estudantil<\/p>\n","protected":false},"excerpt":{"rendered":"<p>Discuss\u00e3o acontecer\u00e1 inicialmente com os alunos, no dia 20 de novembro de 2014, \u00e0s 14:00 horas na sala de Videoconfer\u00eancia.<\/p>\n","protected":false},"author":36,"featured_media":0,"comment_status":"open","ping_status":"open","sticky":false,"template":"","format":"standard","meta":[],"categories":[1],"tags":[],"_links":{"self":[{"href":"https:\/\/www.ifbaiano.edu.br\/unidades\/lapa\/wp-json\/wp\/v2\/posts\/2750"}],"collection":[{"href":"https:\/\/www.ifbaiano.edu.br\/unidades\/lapa\/wp-json\/wp\/v2\/posts"}],"about":[{"href":"https:\/\/www.ifbaiano.edu.br\/unidades\/lapa\/wp-json\/wp\/v2\/types\/post"}],"author":[{"embeddable":true,"href":"https:\/\/www.ifbaiano.edu.br\/unidades\/lapa\/wp-json\/wp\/v2\/users\/36"}],"replies":[{"embeddable":true,"href":"https:\/\/www.ifbaiano.edu.br\/unidades\/lapa\/wp-json\/wp\/v2\/comments?post=2750"}],"version-history":[{"count":3,"href":"https:\/\/www.ifbaiano.edu.br\/unidades\/lapa\/wp-json\/wp\/v2\/posts\/2750\/revisions"}],"predecessor-version":[{"id":2752,"href":"https:\/\/www.ifbaiano.edu.br\/unidades\/lapa\/wp-json\/wp\/v2\/posts\/2750\/revisions\/2752"}],"wp:attachment":[{"href":"https:\/\/www.ifbaiano.edu.br\/unidades\/lapa\/wp-json\/wp\/v2\/media?parent=2750"}],"wp:term":[{"taxonomy":"category","embeddable":true,"href":"https:\/\/www.ifbaiano.edu.br\/unidades\/lapa\/wp-json\/wp\/v2\/categories?post=2750"},{"taxonomy":"post_tag","embeddable":true,"href":"https:\/\/www.ifbaiano.edu.br\/unidades\/lapa\/wp-json\/wp\/v2\/tags?post=2750"}],"curies":[{"name":"wp","href":"https:\/\/api.w.org\/{rel}","templated":true}]}}