{"id":2754,"date":"2014-11-21T17:30:37","date_gmt":"2014-11-21T19:30:37","guid":{"rendered":"http:\/\/www.ifbaiano.edu.br\/unidades\/lapa\/?p=2754"},"modified":"2014-11-21T17:31:23","modified_gmt":"2014-11-21T19:31:23","slug":"matriculas-para-os-cursos-de-ingles-e-espanhol-rede-e-tec-brasil","status":"publish","type":"post","link":"https:\/\/www.ifbaiano.edu.br\/unidades\/lapa\/2014\/11\/21\/matriculas-para-os-cursos-de-ingles-e-espanhol-rede-e-tec-brasil\/","title":{"rendered":"Matr\u00edculas para os cursos de Ingl\u00eas e Espanhol (Rede e-Tec Brasil)"},"content":{"rendered":"<p>O Campus Bom Jesus da Lapa comunica aos candidatos selecionados para os cursos de Ingl\u00eas e Espanhol (Rede e-Tec Brasil) que as matr\u00edcula ser\u00e3o realizadas nos dias 24 e 25\/11\/2014, na Secretaria de Registros Acad\u00eamicos do Campus, nos seguintes hor\u00e1rios:<\/p>\n<p><!--more--><\/p>\n<p>Matutino: 08h00 \u00e0s 11h00<\/p>\n<p>Vespertino: 14h00 \u00e0s 17h00<\/p>\n<p>Noturno: 19h00 \u00e0s 21h00<\/p>\n<p>&nbsp;<\/p>\n<p><strong>Fonte<\/strong>: Vagner Freitas \/ Coordenador EaD<\/p>\n<p>&nbsp;<\/p>\n<p>&nbsp;<\/p>\n","protected":false},"excerpt":{"rendered":"<p>O Campus Bom Jesus da Lapa comunica aos candidatos selecionados para os cursos de Ingl\u00eas e Espanhol (Rede e-Tec Brasil) que as matr\u00edcula ser\u00e3o realizadas nos dias 24 e 25\/11\/2014, na Secretaria de Registros Acad\u00eamicos do Campus, nos seguintes hor\u00e1rios:<\/p>\n","protected":false},"author":36,"featured_media":0,"comment_status":"open","ping_status":"open","sticky":false,"template":"","format":"standard","meta":[],"categories":[39],"tags":[],"_links":{"self":[{"href":"https:\/\/www.ifbaiano.edu.br\/unidades\/lapa\/wp-json\/wp\/v2\/posts\/2754"}],"collection":[{"href":"https:\/\/www.ifbaiano.edu.br\/unidades\/lapa\/wp-json\/wp\/v2\/posts"}],"about":[{"href":"https:\/\/www.ifbaiano.edu.br\/unidades\/lapa\/wp-json\/wp\/v2\/types\/post"}],"author":[{"embeddable":true,"href":"https:\/\/www.ifbaiano.edu.br\/unidades\/lapa\/wp-json\/wp\/v2\/users\/36"}],"replies":[{"embeddable":true,"href":"https:\/\/www.ifbaiano.edu.br\/unidades\/lapa\/wp-json\/wp\/v2\/comments?post=2754"}],"version-history":[{"count":3,"href":"https:\/\/www.ifbaiano.edu.br\/unidades\/lapa\/wp-json\/wp\/v2\/posts\/2754\/revisions"}],"predecessor-version":[{"id":2756,"href":"https:\/\/www.ifbaiano.edu.br\/unidades\/lapa\/wp-json\/wp\/v2\/posts\/2754\/revisions\/2756"}],"wp:attachment":[{"href":"https:\/\/www.ifbaiano.edu.br\/unidades\/lapa\/wp-json\/wp\/v2\/media?parent=2754"}],"wp:term":[{"taxonomy":"category","embeddable":true,"href":"https:\/\/www.ifbaiano.edu.br\/unidades\/lapa\/wp-json\/wp\/v2\/categories?post=2754"},{"taxonomy":"post_tag","embeddable":true,"href":"https:\/\/www.ifbaiano.edu.br\/unidades\/lapa\/wp-json\/wp\/v2\/tags?post=2754"}],"curies":[{"name":"wp","href":"https:\/\/api.w.org\/{rel}","templated":true}]}}