{"id":2770,"date":"2014-11-26T12:31:11","date_gmt":"2014-11-26T14:31:11","guid":{"rendered":"http:\/\/www.ifbaiano.edu.br\/unidades\/lapa\/?p=2770"},"modified":"2014-11-26T12:31:11","modified_gmt":"2014-11-26T14:31:11","slug":"aula-inaugural-dos-cursos-de-ingles-e-espanhol-da-rede-e-tec","status":"publish","type":"post","link":"https:\/\/www.ifbaiano.edu.br\/unidades\/lapa\/2014\/11\/26\/aula-inaugural-dos-cursos-de-ingles-e-espanhol-da-rede-e-tec\/","title":{"rendered":"Aula Inaugural dos Cursos de Ingl\u00eas e Espanhol da Rede e-Tec"},"content":{"rendered":"<p>O Campus Bom Jesus da Lapa comunica aos alunos matriculados nos cursos de Ingl\u00eas e\u00a0 Espanhol da Rede e-Tec Idiomas que a Aula Inaugural ser\u00e1 realizada no dia 27\/11\/2014,\u00a0no Laborat\u00f3rio de Inform\u00e1tica 06 do Campus, nos seguintes hor\u00e1rios:<\/p>\n<p><!--more--><\/p>\n<p>ESPANHOL: 14 HORAS<br \/>\nINGL\u00caS: 15:30 HORAS<\/p>\n<p>Fonte: Coordena\u00e7\u00e3o EaD\/ Prof. Vagner Freitas<\/p>\n","protected":false},"excerpt":{"rendered":"<p>O Campus Bom Jesus da Lapa comunica aos alunos matriculados nos cursos de Ingl\u00eas e\u00a0 Espanhol da Rede e-Tec Idiomas que a Aula Inaugural ser\u00e1 realizada no dia 27\/11\/2014,\u00a0no Laborat\u00f3rio de Inform\u00e1tica 06 do Campus, nos seguintes hor\u00e1rios:<\/p>\n","protected":false},"author":36,"featured_media":0,"comment_status":"open","ping_status":"open","sticky":false,"template":"","format":"standard","meta":[],"categories":[41],"tags":[],"_links":{"self":[{"href":"https:\/\/www.ifbaiano.edu.br\/unidades\/lapa\/wp-json\/wp\/v2\/posts\/2770"}],"collection":[{"href":"https:\/\/www.ifbaiano.edu.br\/unidades\/lapa\/wp-json\/wp\/v2\/posts"}],"about":[{"href":"https:\/\/www.ifbaiano.edu.br\/unidades\/lapa\/wp-json\/wp\/v2\/types\/post"}],"author":[{"embeddable":true,"href":"https:\/\/www.ifbaiano.edu.br\/unidades\/lapa\/wp-json\/wp\/v2\/users\/36"}],"replies":[{"embeddable":true,"href":"https:\/\/www.ifbaiano.edu.br\/unidades\/lapa\/wp-json\/wp\/v2\/comments?post=2770"}],"version-history":[{"count":2,"href":"https:\/\/www.ifbaiano.edu.br\/unidades\/lapa\/wp-json\/wp\/v2\/posts\/2770\/revisions"}],"predecessor-version":[{"id":2772,"href":"https:\/\/www.ifbaiano.edu.br\/unidades\/lapa\/wp-json\/wp\/v2\/posts\/2770\/revisions\/2772"}],"wp:attachment":[{"href":"https:\/\/www.ifbaiano.edu.br\/unidades\/lapa\/wp-json\/wp\/v2\/media?parent=2770"}],"wp:term":[{"taxonomy":"category","embeddable":true,"href":"https:\/\/www.ifbaiano.edu.br\/unidades\/lapa\/wp-json\/wp\/v2\/categories?post=2770"},{"taxonomy":"post_tag","embeddable":true,"href":"https:\/\/www.ifbaiano.edu.br\/unidades\/lapa\/wp-json\/wp\/v2\/tags?post=2770"}],"curies":[{"name":"wp","href":"https:\/\/api.w.org\/{rel}","templated":true}]}}