{"id":2773,"date":"2014-11-28T15:07:38","date_gmt":"2014-11-28T17:07:38","guid":{"rendered":"http:\/\/www.ifbaiano.edu.br\/unidades\/lapa\/?p=2773"},"modified":"2014-11-28T15:08:07","modified_gmt":"2014-11-28T17:08:07","slug":"2773","status":"publish","type":"post","link":"https:\/\/www.ifbaiano.edu.br\/unidades\/lapa\/2014\/11\/28\/2773\/","title":{"rendered":"Segunda Chamada para o Curso de Ingl\u00eas"},"content":{"rendered":"<p>Est\u00e1 aberta a Segunda Chamada para o curso de Ingl\u00eas do Programa Idiomas sem Fronteiras da Rede e-Tec.<\/p>\n<p><!--more--><\/p>\n<p>O Campus Bom Jesus da Lapa comunica que as matr\u00edculas dos alunos selecionados na segunda chamada para o curso de Ingl\u00eas do Programa Idiomas sem Fronteiras da Rede e-Tec ser\u00e3o realizadas nos dias 28\/11\/2014 e 01\/12\/2014, na Secretaria de Registros Acad\u00eamicos do Campus, nos seguintes hor\u00e1rios: Matutino: 08h00 \u00e0s 11h00 Vespertino: 14h00 \u00e0s 17h00 Noturno: 19h00 \u00e0s 21h00 Lista dos Alunos Convocados na Segunda<\/p>\n<p>&nbsp;<\/p>\n<p><a href=\"http:\/\/concurso.ifbaiano.edu.br\/portal\/etecidiomas20141\/wp-content\/uploads\/sites\/14\/2011\/04\/Lista-segunda-chamada-alunos1.pdf\">Acessem aqui a lista da Segunda Chamada<\/a><\/p>\n<p>&nbsp;<\/p>\n<p>Fonte: Coordena\u00e7\u00e3o EaD<\/p>\n","protected":false},"excerpt":{"rendered":"<p>Est\u00e1 aberta a Segunda Chamada para o curso de Ingl\u00eas do Programa Idiomas sem Fronteiras da Rede e-Tec.<\/p>\n","protected":false},"author":36,"featured_media":0,"comment_status":"open","ping_status":"open","sticky":false,"template":"","format":"standard","meta":[],"categories":[1],"tags":[],"_links":{"self":[{"href":"https:\/\/www.ifbaiano.edu.br\/unidades\/lapa\/wp-json\/wp\/v2\/posts\/2773"}],"collection":[{"href":"https:\/\/www.ifbaiano.edu.br\/unidades\/lapa\/wp-json\/wp\/v2\/posts"}],"about":[{"href":"https:\/\/www.ifbaiano.edu.br\/unidades\/lapa\/wp-json\/wp\/v2\/types\/post"}],"author":[{"embeddable":true,"href":"https:\/\/www.ifbaiano.edu.br\/unidades\/lapa\/wp-json\/wp\/v2\/users\/36"}],"replies":[{"embeddable":true,"href":"https:\/\/www.ifbaiano.edu.br\/unidades\/lapa\/wp-json\/wp\/v2\/comments?post=2773"}],"version-history":[{"count":3,"href":"https:\/\/www.ifbaiano.edu.br\/unidades\/lapa\/wp-json\/wp\/v2\/posts\/2773\/revisions"}],"predecessor-version":[{"id":2776,"href":"https:\/\/www.ifbaiano.edu.br\/unidades\/lapa\/wp-json\/wp\/v2\/posts\/2773\/revisions\/2776"}],"wp:attachment":[{"href":"https:\/\/www.ifbaiano.edu.br\/unidades\/lapa\/wp-json\/wp\/v2\/media?parent=2773"}],"wp:term":[{"taxonomy":"category","embeddable":true,"href":"https:\/\/www.ifbaiano.edu.br\/unidades\/lapa\/wp-json\/wp\/v2\/categories?post=2773"},{"taxonomy":"post_tag","embeddable":true,"href":"https:\/\/www.ifbaiano.edu.br\/unidades\/lapa\/wp-json\/wp\/v2\/tags?post=2773"}],"curies":[{"name":"wp","href":"https:\/\/api.w.org\/{rel}","templated":true}]}}