{"id":27732,"date":"2024-03-26T13:01:15","date_gmt":"2024-03-26T16:01:15","guid":{"rendered":"https:\/\/www.ifbaiano.edu.br\/unidades\/lapa\/?p=27732"},"modified":"2024-03-26T13:14:41","modified_gmt":"2024-03-26T16:14:41","slug":"paise-2024","status":"publish","type":"post","link":"https:\/\/www.ifbaiano.edu.br\/unidades\/lapa\/2024\/03\/26\/paise-2024\/","title":{"rendered":"PAISE 2024"},"content":{"rendered":"\n<p>O IF Baiano <em>Campus<\/em> Bom Jesus da Lapa torna p\u00fablico o Edital n\u00famero 19\/2024 referente ao PAISE 2024, ser\u00e3o ofertados vagas de aux\u00edlio moradia, aux\u00edlio perman\u00eancia, aux\u00edlio creche, aux\u00edlio transporte para os estudantes. As inscri\u00e7\u00f5es estar\u00e3o abertas de 02\/04\/2024 a 16\/04\/2024. D\u00favidas e demais informa\u00e7\u00f5es devem ser enviadas para o e-mail: <a href=\"mailto:clae@lapa.ifbaiano.edu.br\">clae@lapa.ifbaiano.edu.br<\/a><\/p>\n\n\n\n<p><a href=\"https:\/\/www.ifbaiano.edu.br\/unidades\/lapa\/files\/2024\/03\/Edital-19_2024-PAISE.pdf\">Edital 19\/2023 PAISE<\/a><\/p>\n","protected":false},"excerpt":{"rendered":"<p>O IF Baiano Campus Bom Jesus da Lapa torna p\u00fablico o Edital n\u00famero 19\/2024 referente ao PAISE 2024, ser\u00e3o ofertados vagas de aux\u00edlio moradia, aux\u00edlio perman\u00eancia, aux\u00edlio creche, aux\u00edlio transporte para os estudantes. As inscri\u00e7\u00f5es estar\u00e3o abertas de 02\/04\/2024 a 16\/04\/2024. D\u00favidas e demais informa\u00e7\u00f5es devem ser enviadas para o e-mail: clae@lapa.ifbaiano.edu.br Edital 19\/2023 PAISE<\/p>\n","protected":false},"author":165,"featured_media":27734,"comment_status":"open","ping_status":"open","sticky":false,"template":"","format":"standard","meta":[],"categories":[32,115,64,24,65],"tags":[],"_links":{"self":[{"href":"https:\/\/www.ifbaiano.edu.br\/unidades\/lapa\/wp-json\/wp\/v2\/posts\/27732"}],"collection":[{"href":"https:\/\/www.ifbaiano.edu.br\/unidades\/lapa\/wp-json\/wp\/v2\/posts"}],"about":[{"href":"https:\/\/www.ifbaiano.edu.br\/unidades\/lapa\/wp-json\/wp\/v2\/types\/post"}],"author":[{"embeddable":true,"href":"https:\/\/www.ifbaiano.edu.br\/unidades\/lapa\/wp-json\/wp\/v2\/users\/165"}],"replies":[{"embeddable":true,"href":"https:\/\/www.ifbaiano.edu.br\/unidades\/lapa\/wp-json\/wp\/v2\/comments?post=27732"}],"version-history":[{"count":4,"href":"https:\/\/www.ifbaiano.edu.br\/unidades\/lapa\/wp-json\/wp\/v2\/posts\/27732\/revisions"}],"predecessor-version":[{"id":27740,"href":"https:\/\/www.ifbaiano.edu.br\/unidades\/lapa\/wp-json\/wp\/v2\/posts\/27732\/revisions\/27740"}],"wp:featuredmedia":[{"embeddable":true,"href":"https:\/\/www.ifbaiano.edu.br\/unidades\/lapa\/wp-json\/wp\/v2\/media\/27734"}],"wp:attachment":[{"href":"https:\/\/www.ifbaiano.edu.br\/unidades\/lapa\/wp-json\/wp\/v2\/media?parent=27732"}],"wp:term":[{"taxonomy":"category","embeddable":true,"href":"https:\/\/www.ifbaiano.edu.br\/unidades\/lapa\/wp-json\/wp\/v2\/categories?post=27732"},{"taxonomy":"post_tag","embeddable":true,"href":"https:\/\/www.ifbaiano.edu.br\/unidades\/lapa\/wp-json\/wp\/v2\/tags?post=27732"}],"curies":[{"name":"wp","href":"https:\/\/api.w.org\/{rel}","templated":true}]}}