{"id":2777,"date":"2014-12-04T21:48:55","date_gmt":"2014-12-04T23:48:55","guid":{"rendered":"http:\/\/www.ifbaiano.edu.br\/unidades\/lapa\/?p=2777"},"modified":"2014-12-04T21:48:55","modified_gmt":"2014-12-04T23:48:55","slug":"debate-sobre-atuacao-profissional-no-territorio-velho-chico-desafios-e-perspectivas","status":"publish","type":"post","link":"https:\/\/www.ifbaiano.edu.br\/unidades\/lapa\/2014\/12\/04\/debate-sobre-atuacao-profissional-no-territorio-velho-chico-desafios-e-perspectivas\/","title":{"rendered":"Debate Sobre atua\u00e7\u00e3o profissional no Territ\u00f3rio Velho Chico: desafios e perspectivas"},"content":{"rendered":"<p>Evento acontece no dia 12 de dezembro, no audit\u00f3rio do Campus.<\/p>\n<p><!--more-->O IF Baiano &#8211; Campus Bom Jesus da Lapa, atrav\u00e9s do Gr\u00eamio Estudantil, convida a comunidade a participar do Debate sobre atua\u00e7\u00e3o profissional no territ\u00f3rio Velho Chico: desafios e perspectivas, a realizar-se no dia 12 de dezembro de 2014, no audit\u00f3rio do Campus, com in\u00edcio previsto para as oito horas da manh\u00e3.<\/p>\n<p>&nbsp;<\/p>\n<p><strong>Fonte<\/strong>: Coordena\u00e7\u00e3o \u00a0de Assuntos Estudantis<\/p>\n<p>&nbsp;<\/p>\n","protected":false},"excerpt":{"rendered":"<p>Evento acontece no dia 12 de dezembro, no audit\u00f3rio do Campus.<\/p>\n","protected":false},"author":36,"featured_media":0,"comment_status":"open","ping_status":"open","sticky":false,"template":"","format":"standard","meta":[],"categories":[40],"tags":[],"_links":{"self":[{"href":"https:\/\/www.ifbaiano.edu.br\/unidades\/lapa\/wp-json\/wp\/v2\/posts\/2777"}],"collection":[{"href":"https:\/\/www.ifbaiano.edu.br\/unidades\/lapa\/wp-json\/wp\/v2\/posts"}],"about":[{"href":"https:\/\/www.ifbaiano.edu.br\/unidades\/lapa\/wp-json\/wp\/v2\/types\/post"}],"author":[{"embeddable":true,"href":"https:\/\/www.ifbaiano.edu.br\/unidades\/lapa\/wp-json\/wp\/v2\/users\/36"}],"replies":[{"embeddable":true,"href":"https:\/\/www.ifbaiano.edu.br\/unidades\/lapa\/wp-json\/wp\/v2\/comments?post=2777"}],"version-history":[{"count":2,"href":"https:\/\/www.ifbaiano.edu.br\/unidades\/lapa\/wp-json\/wp\/v2\/posts\/2777\/revisions"}],"predecessor-version":[{"id":2779,"href":"https:\/\/www.ifbaiano.edu.br\/unidades\/lapa\/wp-json\/wp\/v2\/posts\/2777\/revisions\/2779"}],"wp:attachment":[{"href":"https:\/\/www.ifbaiano.edu.br\/unidades\/lapa\/wp-json\/wp\/v2\/media?parent=2777"}],"wp:term":[{"taxonomy":"category","embeddable":true,"href":"https:\/\/www.ifbaiano.edu.br\/unidades\/lapa\/wp-json\/wp\/v2\/categories?post=2777"},{"taxonomy":"post_tag","embeddable":true,"href":"https:\/\/www.ifbaiano.edu.br\/unidades\/lapa\/wp-json\/wp\/v2\/tags?post=2777"}],"curies":[{"name":"wp","href":"https:\/\/api.w.org\/{rel}","templated":true}]}}