{"id":27783,"date":"2024-04-03T10:47:29","date_gmt":"2024-04-03T13:47:29","guid":{"rendered":"https:\/\/www.ifbaiano.edu.br\/unidades\/lapa\/?p=27783"},"modified":"2024-04-15T16:38:37","modified_gmt":"2024-04-15T19:38:37","slug":"projeto-cafe-com-estagio","status":"publish","type":"post","link":"https:\/\/www.ifbaiano.edu.br\/unidades\/lapa\/2024\/04\/03\/projeto-cafe-com-estagio\/","title":{"rendered":"PROJETO CAF\u00c9 COM EST\u00c1GIO"},"content":{"rendered":"\n<p>Prezada comunidade, em virtude de falhas na divulga\u00e7\u00e3o do link de inscri\u00e7\u00e3o e da ocorr\u00eancia de sinistro no sistema el\u00e9trico do audit\u00f3rio do Campus, adiamos o Caf\u00e9 com Est\u00e1gio para o pr\u00f3ximo dia 24\/04\/2024 \u00e0s 09:00, no audit\u00f3rio do Campus Bom Jesus da Lapa. Informamos que os inscritos n\u00e3o precisam realizar novas inscri\u00e7\u00f5es. Ainda assim, ampliamos o per\u00edodo de inscri\u00e7\u00e3o at\u00e9 o dia 19\/04\/2024. Pedimos a compreens\u00e3o de todos e agradecemos sua participa\u00e7\u00e3o.<\/p>\n\n\n\n<p>lINK PARA INSCRI\u00c7\u00d5ES<\/p>\n\n\n\n<p><a href=\"https:\/\/suap.ifbaiano.edu.br\/eventos\/evento\/1585\/\">https:\/\/suap.ifbaiano.edu.br\/eventos\/evento\/1585\/<\/a><\/p>\n","protected":false},"excerpt":{"rendered":"<p>Prezada comunidade, em virtude de falhas na divulga\u00e7\u00e3o do link de inscri\u00e7\u00e3o e da ocorr\u00eancia de sinistro no sistema el\u00e9trico do audit\u00f3rio do Campus, adiamos o Caf\u00e9 com Est\u00e1gio para o pr\u00f3ximo dia 24\/04\/2024 \u00e0s 09:00, no audit\u00f3rio do Campus Bom Jesus da Lapa. Informamos que os inscritos n\u00e3o precisam realizar novas inscri\u00e7\u00f5es. Ainda assim, [&hellip;]<\/p>\n","protected":false},"author":165,"featured_media":27878,"comment_status":"open","ping_status":"open","sticky":false,"template":"","format":"standard","meta":[],"categories":[115,64,24,65],"tags":[],"_links":{"self":[{"href":"https:\/\/www.ifbaiano.edu.br\/unidades\/lapa\/wp-json\/wp\/v2\/posts\/27783"}],"collection":[{"href":"https:\/\/www.ifbaiano.edu.br\/unidades\/lapa\/wp-json\/wp\/v2\/posts"}],"about":[{"href":"https:\/\/www.ifbaiano.edu.br\/unidades\/lapa\/wp-json\/wp\/v2\/types\/post"}],"author":[{"embeddable":true,"href":"https:\/\/www.ifbaiano.edu.br\/unidades\/lapa\/wp-json\/wp\/v2\/users\/165"}],"replies":[{"embeddable":true,"href":"https:\/\/www.ifbaiano.edu.br\/unidades\/lapa\/wp-json\/wp\/v2\/comments?post=27783"}],"version-history":[{"count":5,"href":"https:\/\/www.ifbaiano.edu.br\/unidades\/lapa\/wp-json\/wp\/v2\/posts\/27783\/revisions"}],"predecessor-version":[{"id":27879,"href":"https:\/\/www.ifbaiano.edu.br\/unidades\/lapa\/wp-json\/wp\/v2\/posts\/27783\/revisions\/27879"}],"wp:featuredmedia":[{"embeddable":true,"href":"https:\/\/www.ifbaiano.edu.br\/unidades\/lapa\/wp-json\/wp\/v2\/media\/27878"}],"wp:attachment":[{"href":"https:\/\/www.ifbaiano.edu.br\/unidades\/lapa\/wp-json\/wp\/v2\/media?parent=27783"}],"wp:term":[{"taxonomy":"category","embeddable":true,"href":"https:\/\/www.ifbaiano.edu.br\/unidades\/lapa\/wp-json\/wp\/v2\/categories?post=27783"},{"taxonomy":"post_tag","embeddable":true,"href":"https:\/\/www.ifbaiano.edu.br\/unidades\/lapa\/wp-json\/wp\/v2\/tags?post=27783"}],"curies":[{"name":"wp","href":"https:\/\/api.w.org\/{rel}","templated":true}]}}