{"id":2780,"date":"2014-12-06T14:18:02","date_gmt":"2014-12-06T16:18:02","guid":{"rendered":"http:\/\/www.ifbaiano.edu.br\/unidades\/lapa\/?p=2780"},"modified":"2014-12-06T14:18:02","modified_gmt":"2014-12-06T16:18:02","slug":"3%c2%aa-chamada-para-curso-de-ingles-rede-e-tec","status":"publish","type":"post","link":"https:\/\/www.ifbaiano.edu.br\/unidades\/lapa\/2014\/12\/06\/3%c2%aa-chamada-para-curso-de-ingles-rede-e-tec\/","title":{"rendered":"3\u00aa Chamada para Curso de Ingl\u00eas Rede e-Tec"},"content":{"rendered":"<p>Matr\u00edculas acontecem no dia 08\/12\/2014 no Campus Bom Jesus da Lapa.<\/p>\n<p><!--more--><\/p>\n<p>O Campus Bom Jesus da Lapa comunica que as matr\u00edculas dos alunos selecionados na TERCEIRA chamada para o curso de Ingl\u00eas do Programa Idiomas sem Fronteiras da Rede e-Tec ser\u00e3o realizadas no dia\u00a008\/12\/2014, na Secretaria de Registros Acad\u00eamicos do Campus, nos seguintes hor\u00e1rios: Matutino: 08h00 \u00e0s 11h00 Vespertino: 14h00 \u00e0s 17h00 Noturno: 19h00 \u00e0s 21h00.<\/p>\n<p>Alunos Convocados no site:<\/p>\n<p><a href=\"https:\/\/mail.ifbaiano.edu.br\/service\/home\/~\/?auth=co&amp;loc=pt_BR&amp;id=6021&amp;part=2\" target=\"_blank\">https:\/\/mail.ifbaiano.edu.br\/service\/home\/~\/?auth=co&amp;loc=pt_BR&amp;id=6021&amp;part=2<\/a><\/p>\n<p>Fonte: Coordena\u00e7\u00e3o EaD<\/p>\n","protected":false},"excerpt":{"rendered":"<p>Matr\u00edculas acontecem no dia 08\/12\/2014 no Campus Bom Jesus da Lapa.<\/p>\n","protected":false},"author":36,"featured_media":0,"comment_status":"open","ping_status":"open","sticky":false,"template":"","format":"standard","meta":[],"categories":[39],"tags":[],"_links":{"self":[{"href":"https:\/\/www.ifbaiano.edu.br\/unidades\/lapa\/wp-json\/wp\/v2\/posts\/2780"}],"collection":[{"href":"https:\/\/www.ifbaiano.edu.br\/unidades\/lapa\/wp-json\/wp\/v2\/posts"}],"about":[{"href":"https:\/\/www.ifbaiano.edu.br\/unidades\/lapa\/wp-json\/wp\/v2\/types\/post"}],"author":[{"embeddable":true,"href":"https:\/\/www.ifbaiano.edu.br\/unidades\/lapa\/wp-json\/wp\/v2\/users\/36"}],"replies":[{"embeddable":true,"href":"https:\/\/www.ifbaiano.edu.br\/unidades\/lapa\/wp-json\/wp\/v2\/comments?post=2780"}],"version-history":[{"count":2,"href":"https:\/\/www.ifbaiano.edu.br\/unidades\/lapa\/wp-json\/wp\/v2\/posts\/2780\/revisions"}],"predecessor-version":[{"id":2782,"href":"https:\/\/www.ifbaiano.edu.br\/unidades\/lapa\/wp-json\/wp\/v2\/posts\/2780\/revisions\/2782"}],"wp:attachment":[{"href":"https:\/\/www.ifbaiano.edu.br\/unidades\/lapa\/wp-json\/wp\/v2\/media?parent=2780"}],"wp:term":[{"taxonomy":"category","embeddable":true,"href":"https:\/\/www.ifbaiano.edu.br\/unidades\/lapa\/wp-json\/wp\/v2\/categories?post=2780"},{"taxonomy":"post_tag","embeddable":true,"href":"https:\/\/www.ifbaiano.edu.br\/unidades\/lapa\/wp-json\/wp\/v2\/tags?post=2780"}],"curies":[{"name":"wp","href":"https:\/\/api.w.org\/{rel}","templated":true}]}}