{"id":27890,"date":"2024-04-18T10:53:58","date_gmt":"2024-04-18T13:53:58","guid":{"rendered":"https:\/\/www.ifbaiano.edu.br\/unidades\/lapa\/?p=27890"},"modified":"2024-04-18T14:59:17","modified_gmt":"2024-04-18T17:59:17","slug":"comissao-local-de-assistencia-estudantil-informa-lista-de-entrevistas-auxilio-moradia-paise-2024","status":"publish","type":"post","link":"https:\/\/www.ifbaiano.edu.br\/unidades\/lapa\/2024\/04\/18\/comissao-local-de-assistencia-estudantil-informa-lista-de-entrevistas-auxilio-moradia-paise-2024\/","title":{"rendered":"Comiss\u00e3o Local de Assist\u00eancia Estudantil Informa Lista de Entrevistas para o Aux\u00edlio Moradia PAISE 2024"},"content":{"rendered":"\n<p> Alunos selecionados para a Entrevista Social referente ao Edital Paise N 19\/2024<br>\n<b>Data: 22\/04  Segunda &#8211; feira. Aten\u00e7\u00e3o para o hor\u00e1rio. <\/b><br>\nLista anexa:<br>\n\nObs: os alunos solicitantes dos aux\u00edlios creche, perman\u00eancia e transporte ser\u00e1 divulgada a lista de entrevista posteriormente.<\/p>\n\n\n\n<a href=\"https:\/\/www.ifbaiano.edu.br\/unidades\/lapa\/files\/2024\/04\/Entrevista-PAISE-2024-AUXILIO-MORADIA-RETIFICADO.pdf\" target=\"_blank\" rel=\"noopener\">Entrevista PAISE 2024 &#8211; AUX\u00cdLIO MORADIA<\/a>\n","protected":false},"excerpt":{"rendered":"<p>Alunos selecionados para a Entrevista Social referente ao Edital Paise N 19\/2024 Data: 22\/04 Segunda &#8211; feira. Aten\u00e7\u00e3o para o hor\u00e1rio. Lista anexa: Obs: os alunos solicitantes dos aux\u00edlios creche, perman\u00eancia e transporte ser\u00e1 divulgada a lista de entrevista posteriormente. Entrevista PAISE 2024 &#8211; AUX\u00cdLIO MORADIA<\/p>\n","protected":false},"author":165,"featured_media":27893,"comment_status":"open","ping_status":"open","sticky":false,"template":"","format":"standard","meta":[],"categories":[32,115,64,24,65],"tags":[],"_links":{"self":[{"href":"https:\/\/www.ifbaiano.edu.br\/unidades\/lapa\/wp-json\/wp\/v2\/posts\/27890"}],"collection":[{"href":"https:\/\/www.ifbaiano.edu.br\/unidades\/lapa\/wp-json\/wp\/v2\/posts"}],"about":[{"href":"https:\/\/www.ifbaiano.edu.br\/unidades\/lapa\/wp-json\/wp\/v2\/types\/post"}],"author":[{"embeddable":true,"href":"https:\/\/www.ifbaiano.edu.br\/unidades\/lapa\/wp-json\/wp\/v2\/users\/165"}],"replies":[{"embeddable":true,"href":"https:\/\/www.ifbaiano.edu.br\/unidades\/lapa\/wp-json\/wp\/v2\/comments?post=27890"}],"version-history":[{"count":9,"href":"https:\/\/www.ifbaiano.edu.br\/unidades\/lapa\/wp-json\/wp\/v2\/posts\/27890\/revisions"}],"predecessor-version":[{"id":27906,"href":"https:\/\/www.ifbaiano.edu.br\/unidades\/lapa\/wp-json\/wp\/v2\/posts\/27890\/revisions\/27906"}],"wp:featuredmedia":[{"embeddable":true,"href":"https:\/\/www.ifbaiano.edu.br\/unidades\/lapa\/wp-json\/wp\/v2\/media\/27893"}],"wp:attachment":[{"href":"https:\/\/www.ifbaiano.edu.br\/unidades\/lapa\/wp-json\/wp\/v2\/media?parent=27890"}],"wp:term":[{"taxonomy":"category","embeddable":true,"href":"https:\/\/www.ifbaiano.edu.br\/unidades\/lapa\/wp-json\/wp\/v2\/categories?post=27890"},{"taxonomy":"post_tag","embeddable":true,"href":"https:\/\/www.ifbaiano.edu.br\/unidades\/lapa\/wp-json\/wp\/v2\/tags?post=27890"}],"curies":[{"name":"wp","href":"https:\/\/api.w.org\/{rel}","templated":true}]}}