{"id":27907,"date":"2024-04-22T11:14:14","date_gmt":"2024-04-22T14:14:14","guid":{"rendered":"https:\/\/www.ifbaiano.edu.br\/unidades\/lapa\/?p=27907"},"modified":"2024-04-22T11:17:16","modified_gmt":"2024-04-22T14:17:16","slug":"delegacao-de-extensionistas-do-campus-bom-jesus-da-lapa-desenvolvem-atividades-formativas-na-ufob-de-santa-maria-da-vitoria","status":"publish","type":"post","link":"https:\/\/www.ifbaiano.edu.br\/unidades\/lapa\/2024\/04\/22\/delegacao-de-extensionistas-do-campus-bom-jesus-da-lapa-desenvolvem-atividades-formativas-na-ufob-de-santa-maria-da-vitoria\/","title":{"rendered":"Delega\u00e7\u00e3o de extensionistas do Campus Bom Jesus da Lapa desenvolvem atividades formativas na UFOB de Santa Maria da Vit\u00f3ria"},"content":{"rendered":"\n<p>As a\u00e7\u00f5es de extens\u00e3o possuem a capacidade de estreitar os la\u00e7os da comunidade interna com as institui\u00e7\u00f5es externas da regi\u00e3o de abrang\u00eancia. No \u00faltimo dia 12 de abril, uma delega\u00e7\u00e3o de servidores e de alunos do Campus visitou a UFOB \u2013 Campus Santa Maria da Vit\u00f3ria para a ministra\u00e7\u00e3o de oficinas pr\u00e1ticas relacionadas aos projetos de extens\u00e3o aqui desenvolvidos. Foi uma ocasi\u00e3o singular para refor\u00e7ar a import\u00e2ncia da extens\u00e3o como um dos eixos articuladores das a\u00e7\u00f5es formativas dos institutos federais.<\/p>\n\n\n\n<figure class=\"wp-block-image size-full\"><img decoding=\"async\" loading=\"lazy\" width=\"1600\" height=\"1200\" src=\"https:\/\/www.ifbaiano.edu.br\/unidades\/lapa\/files\/2024\/04\/WhatsApp-Image-2024-04-22-at-09.44.49-1.jpeg\" alt=\"\" class=\"wp-image-27917\" \/><\/figure>\n\n\n\n<figure class=\"wp-block-image size-full\"><img decoding=\"async\" loading=\"lazy\" width=\"1200\" height=\"1600\" src=\"https:\/\/www.ifbaiano.edu.br\/unidades\/lapa\/files\/2024\/04\/WhatsApp-Image-2024-04-22-at-09.44.49.jpeg\" alt=\"\" class=\"wp-image-27916\" \/><\/figure>\n\n\n\n<figure class=\"wp-block-image size-full\"><img decoding=\"async\" loading=\"lazy\" width=\"1600\" height=\"1200\" src=\"https:\/\/www.ifbaiano.edu.br\/unidades\/lapa\/files\/2024\/04\/WhatsApp-Image-2024-04-22-at-09.44.48.jpeg\" alt=\"\" class=\"wp-image-27915\" \/><\/figure>\n\n\n\n<figure class=\"wp-block-image size-full\"><img decoding=\"async\" loading=\"lazy\" width=\"1600\" height=\"1200\" src=\"https:\/\/www.ifbaiano.edu.br\/unidades\/lapa\/files\/2024\/04\/WhatsApp-Image-2024-04-22-at-09.44.47-1.jpeg\" alt=\"\" class=\"wp-image-27914\" \/><\/figure>\n\n\n\n<figure class=\"wp-block-image size-full\"><img decoding=\"async\" loading=\"lazy\" width=\"1600\" height=\"1200\" src=\"https:\/\/www.ifbaiano.edu.br\/unidades\/lapa\/files\/2024\/04\/WhatsApp-Image-2024-04-22-at-09.44.47.jpeg\" alt=\"\" class=\"wp-image-27913\" \/><\/figure>\n\n\n\n<figure class=\"wp-block-image size-full\"><img decoding=\"async\" loading=\"lazy\" width=\"1600\" height=\"1200\" src=\"https:\/\/www.ifbaiano.edu.br\/unidades\/lapa\/files\/2024\/04\/WhatsApp-Image-2024-04-22-at-09.44.46-2.jpeg\" alt=\"\" class=\"wp-image-27912\" \/><\/figure>\n\n\n\n<figure class=\"wp-block-image size-full\"><img decoding=\"async\" loading=\"lazy\" width=\"1200\" height=\"1600\" src=\"https:\/\/www.ifbaiano.edu.br\/unidades\/lapa\/files\/2024\/04\/WhatsApp-Image-2024-04-22-at-09.44.46-1.jpeg\" alt=\"\" class=\"wp-image-27911\" \/><\/figure>\n\n\n\n<figure class=\"wp-block-image size-full\"><img decoding=\"async\" loading=\"lazy\" width=\"1600\" height=\"1200\" src=\"https:\/\/www.ifbaiano.edu.br\/unidades\/lapa\/files\/2024\/04\/WhatsApp-Image-2024-04-22-at-09.44.46.jpeg\" alt=\"\" class=\"wp-image-27910\" \/><\/figure>\n\n\n\n<figure class=\"wp-block-image size-full\"><img decoding=\"async\" loading=\"lazy\" width=\"1600\" height=\"1200\" src=\"https:\/\/www.ifbaiano.edu.br\/unidades\/lapa\/files\/2024\/04\/WhatsApp-Image-2024-04-22-at-09.44.45.jpeg\" alt=\"\" class=\"wp-image-27909\" \/><\/figure>\n\n\n\n<figure class=\"wp-block-image size-full\"><img decoding=\"async\" loading=\"lazy\" width=\"1600\" height=\"1200\" src=\"https:\/\/www.ifbaiano.edu.br\/unidades\/lapa\/files\/2024\/04\/WhatsApp-Image-2024-04-22-at-09.44.37.jpeg\" alt=\"\" class=\"wp-image-27908\" \/><\/figure>\n","protected":false},"excerpt":{"rendered":"<p>As a\u00e7\u00f5es de extens\u00e3o possuem a capacidade de estreitar os la\u00e7os da comunidade interna com as institui\u00e7\u00f5es externas da regi\u00e3o de abrang\u00eancia. No \u00faltimo dia 12 de abril, uma delega\u00e7\u00e3o de servidores e de alunos do Campus visitou a UFOB \u2013 Campus Santa Maria da Vit\u00f3ria para a ministra\u00e7\u00e3o de oficinas pr\u00e1ticas relacionadas aos projetos [&hellip;]<\/p>\n","protected":false},"author":165,"featured_media":0,"comment_status":"open","ping_status":"open","sticky":false,"template":"","format":"standard","meta":[],"categories":[115,64,40,65],"tags":[],"_links":{"self":[{"href":"https:\/\/www.ifbaiano.edu.br\/unidades\/lapa\/wp-json\/wp\/v2\/posts\/27907"}],"collection":[{"href":"https:\/\/www.ifbaiano.edu.br\/unidades\/lapa\/wp-json\/wp\/v2\/posts"}],"about":[{"href":"https:\/\/www.ifbaiano.edu.br\/unidades\/lapa\/wp-json\/wp\/v2\/types\/post"}],"author":[{"embeddable":true,"href":"https:\/\/www.ifbaiano.edu.br\/unidades\/lapa\/wp-json\/wp\/v2\/users\/165"}],"replies":[{"embeddable":true,"href":"https:\/\/www.ifbaiano.edu.br\/unidades\/lapa\/wp-json\/wp\/v2\/comments?post=27907"}],"version-history":[{"count":1,"href":"https:\/\/www.ifbaiano.edu.br\/unidades\/lapa\/wp-json\/wp\/v2\/posts\/27907\/revisions"}],"predecessor-version":[{"id":27918,"href":"https:\/\/www.ifbaiano.edu.br\/unidades\/lapa\/wp-json\/wp\/v2\/posts\/27907\/revisions\/27918"}],"wp:attachment":[{"href":"https:\/\/www.ifbaiano.edu.br\/unidades\/lapa\/wp-json\/wp\/v2\/media?parent=27907"}],"wp:term":[{"taxonomy":"category","embeddable":true,"href":"https:\/\/www.ifbaiano.edu.br\/unidades\/lapa\/wp-json\/wp\/v2\/categories?post=27907"},{"taxonomy":"post_tag","embeddable":true,"href":"https:\/\/www.ifbaiano.edu.br\/unidades\/lapa\/wp-json\/wp\/v2\/tags?post=27907"}],"curies":[{"name":"wp","href":"https:\/\/api.w.org\/{rel}","templated":true}]}}