{"id":27919,"date":"2024-04-22T11:17:07","date_gmt":"2024-04-22T14:17:07","guid":{"rendered":"https:\/\/www.ifbaiano.edu.br\/unidades\/lapa\/?p=27919"},"modified":"2024-04-22T11:17:59","modified_gmt":"2024-04-22T14:17:59","slug":"acoes-extensionistas-do-projeto-ciclo-de-visitacao-de-escolas-publicas-ao-campus-bom-jesus-da-lapa","status":"publish","type":"post","link":"https:\/\/www.ifbaiano.edu.br\/unidades\/lapa\/2024\/04\/22\/acoes-extensionistas-do-projeto-ciclo-de-visitacao-de-escolas-publicas-ao-campus-bom-jesus-da-lapa\/","title":{"rendered":"A\u00e7\u00f5es Extensionistas do Projeto &#8220;Ciclo de visita\u00e7\u00e3o de Escolas P\u00fablicas ao Campus Bom Jesus da Lapa&#8221;"},"content":{"rendered":"\n<p>No dia 08 de abril de 2024, o Campus Bom Jesus da Lapa recebeu a visita de alunos do Ensino M\u00e9dio do Col\u00e9gio Estadual do Projeto Formoso, como parte das a\u00e7\u00f5es do projeto, cujo objetivo \u00e9 recepcionar a comunidade estudantil e apresentar o trabalho desenvolvido e as linhas de atua\u00e7\u00e3o do Campus. O foco \u00e9 estreitar os la\u00e7os com a comunidade de fortalecer a imagem institucional perante a sociedade.<\/p>\n\n\n\n<figure class=\"wp-block-image size-full\"><img decoding=\"async\" loading=\"lazy\" width=\"1280\" height=\"960\" src=\"https:\/\/www.ifbaiano.edu.br\/unidades\/lapa\/files\/2024\/04\/WhatsApp-Image-2024-04-22-at-09.50.23-2.jpeg\" alt=\"\" class=\"wp-image-27923\" \/><\/figure>\n\n\n\n<figure class=\"wp-block-image size-full\"><img decoding=\"async\" loading=\"lazy\" width=\"1280\" height=\"960\" src=\"https:\/\/www.ifbaiano.edu.br\/unidades\/lapa\/files\/2024\/04\/WhatsApp-Image-2024-04-22-at-09.50.23-1.jpeg\" alt=\"\" class=\"wp-image-27922\" \/><\/figure>\n\n\n\n<figure class=\"wp-block-image size-full\"><img decoding=\"async\" loading=\"lazy\" width=\"1280\" height=\"960\" src=\"https:\/\/www.ifbaiano.edu.br\/unidades\/lapa\/files\/2024\/04\/WhatsApp-Image-2024-04-22-at-09.50.23.jpeg\" alt=\"\" class=\"wp-image-27921\" \/><\/figure>\n\n\n\n<figure class=\"wp-block-image size-full\"><img decoding=\"async\" loading=\"lazy\" width=\"1600\" height=\"1200\" src=\"https:\/\/www.ifbaiano.edu.br\/unidades\/lapa\/files\/2024\/04\/WhatsApp-Image-2024-04-22-at-09.49.47.jpeg\" alt=\"\" class=\"wp-image-27920\" \/><\/figure>\n","protected":false},"excerpt":{"rendered":"<p>No dia 08 de abril de 2024, o Campus Bom Jesus da Lapa recebeu a visita de alunos do Ensino M\u00e9dio do Col\u00e9gio Estadual do Projeto Formoso, como parte das a\u00e7\u00f5es do projeto, cujo objetivo \u00e9 recepcionar a comunidade estudantil e apresentar o trabalho desenvolvido e as linhas de atua\u00e7\u00e3o do Campus. O foco \u00e9 [&hellip;]<\/p>\n","protected":false},"author":165,"featured_media":0,"comment_status":"open","ping_status":"open","sticky":false,"template":"","format":"standard","meta":[],"categories":[115,64,40,65],"tags":[],"_links":{"self":[{"href":"https:\/\/www.ifbaiano.edu.br\/unidades\/lapa\/wp-json\/wp\/v2\/posts\/27919"}],"collection":[{"href":"https:\/\/www.ifbaiano.edu.br\/unidades\/lapa\/wp-json\/wp\/v2\/posts"}],"about":[{"href":"https:\/\/www.ifbaiano.edu.br\/unidades\/lapa\/wp-json\/wp\/v2\/types\/post"}],"author":[{"embeddable":true,"href":"https:\/\/www.ifbaiano.edu.br\/unidades\/lapa\/wp-json\/wp\/v2\/users\/165"}],"replies":[{"embeddable":true,"href":"https:\/\/www.ifbaiano.edu.br\/unidades\/lapa\/wp-json\/wp\/v2\/comments?post=27919"}],"version-history":[{"count":2,"href":"https:\/\/www.ifbaiano.edu.br\/unidades\/lapa\/wp-json\/wp\/v2\/posts\/27919\/revisions"}],"predecessor-version":[{"id":27925,"href":"https:\/\/www.ifbaiano.edu.br\/unidades\/lapa\/wp-json\/wp\/v2\/posts\/27919\/revisions\/27925"}],"wp:attachment":[{"href":"https:\/\/www.ifbaiano.edu.br\/unidades\/lapa\/wp-json\/wp\/v2\/media?parent=27919"}],"wp:term":[{"taxonomy":"category","embeddable":true,"href":"https:\/\/www.ifbaiano.edu.br\/unidades\/lapa\/wp-json\/wp\/v2\/categories?post=27919"},{"taxonomy":"post_tag","embeddable":true,"href":"https:\/\/www.ifbaiano.edu.br\/unidades\/lapa\/wp-json\/wp\/v2\/tags?post=27919"}],"curies":[{"name":"wp","href":"https:\/\/api.w.org\/{rel}","templated":true}]}}