{"id":27939,"date":"2024-04-22T13:46:33","date_gmt":"2024-04-22T16:46:33","guid":{"rendered":"https:\/\/www.ifbaiano.edu.br\/unidades\/lapa\/?p=27939"},"modified":"2024-05-14T09:44:44","modified_gmt":"2024-05-14T12:44:44","slug":"chamada-publica-pnae-3","status":"publish","type":"post","link":"https:\/\/www.ifbaiano.edu.br\/unidades\/lapa\/2024\/04\/22\/chamada-publica-pnae-3\/","title":{"rendered":"Chamada P\u00fablica PNAE"},"content":{"rendered":"\n<figure class=\"wp-block-image size-full\"><img decoding=\"async\" loading=\"lazy\" width=\"600\" height=\"512\" src=\"https:\/\/www.ifbaiano.edu.br\/unidades\/lapa\/files\/2024\/04\/imagem-anexa-ao-texto.jpg\" alt=\"\" class=\"wp-image-27932\" \/><\/figure>\n\n\n\n<p><\/p>\n\n\n\n<p><\/p>\n\n\n\n<p>O Instituto Federal Baiano \u2013 <em>Campus B<\/em>om Jesus da Lapa torna p\u00fablico, para conhecimento dos interessados, que realizar\u00e1 a Chamada P\u00fablica n\u00ba 01\/2024. Objeto:<strong> Aquisi\u00e7\u00e3o de g\u00eaneros aliment\u00edcios da agricultura familiar para atendimento ao Programa Nacional de Alimenta\u00e7\u00e3o Escolar \u2013 PNAE<\/strong>, conforme as pe\u00e7as t\u00e9cnicas constantes no Instrumento Convocat\u00f3rio e seus anexos, partes integrantes desta Chamada P\u00fablica. O Edital encontra-se dispon\u00edvel na sede do Campus e no s\u00edtio\u00a0http:\/\/www.ifbaiano.edu.br\/unidades\/lapa\/. Sess\u00e3o de abertura:<strong> 05\/06\/2024, \u00e0s 80h30min, Hor\u00e1rio Local, na sede do Instituto Federal Baiano \u2013 <em>Campus <\/em>Bom Jesus da Lapa, localizado na BR 349, Km 14, Rodovia Bom Jesus da Lapa X Santa Maria da Vit\u00f3ria \u2013 Bahia.<\/strong><\/p>\n\n\n\n<p>Segue em anexo Editais e Formul\u00e1rios:<\/p>\n\n\n\n<li><a href=\"https:\/\/www.ifbaiano.edu.br\/unidades\/lapa\/files\/2024\/05\/ANEXO-I-PROJETO-BASICO-PNAE-2024.pdf\" data-type=\"URL\" data-id=\"https:\/\/www.ifbaiano.edu.br\/unidades\/lapa\/files\/2024\/04\/ANEXO-I-PROJETO-BASICO-PNAE-2024.pdf\" target=\"_blank\" rel=\"noreferrer noopener\">ANEXO I &#8211; Projeto B\u00e1sico <\/a><\/li>\n\n<li><a href=\"https:\/\/www.ifbaiano.edu.br\/unidades\/lapa\/files\/2024\/05\/ANEXO-II-PNAE-2024.pdf\" data-type=\"URL\" data-id=\"https:\/\/www.ifbaiano.edu.br\/unidades\/lapa\/files\/2024\/04\/ANEXO-II-PNAE-2024.pdf\" target=\"_blank\" rel=\"noreferrer noopener\">ANEXO II &#8211; Modelo de Projeto de Venda <\/a><\/li>\n\n<li><a href=\"https:\/\/www.ifbaiano.edu.br\/unidades\/lapa\/files\/2024\/05\/ANEXO-III-A-VI-PNAE-2024.pdf\" data-type=\"URL\" data-id=\"https:\/\/www.ifbaiano.edu.br\/unidades\/lapa\/files\/2024\/04\/ANEXO-III-A-VI-PNAE-2024.pdf\" target=\"_blank\" rel=\"noreferrer noopener\">ANEXOS III a VI -Modelo de Declara\u00e7\u00e3o de Origem dos Produtos, Modelo de Termo de Recebimento, Modelo de Declara\u00e7\u00e3o do Controle do Limite Individual de Vendas e Minuta do Contrato <\/a><\/li>\n\n<li><a href=\"https:\/\/www.ifbaiano.edu.br\/unidades\/lapa\/files\/2024\/05\/Edital-PNAE-2024-.pdf\" data-type=\"URL\" data-id=\"https:\/\/www.ifbaiano.edu.br\/unidades\/lapa\/files\/2024\/04\/Edital-PNAE-2024-.pdf\" target=\"_blank\" rel=\"noreferrer noopener\">EDITAL PNAE 2024 <\/a><\/li>\n","protected":false},"excerpt":{"rendered":"<p>O Instituto Federal Baiano \u2013 Campus Bom Jesus da Lapa torna p\u00fablico, para conhecimento dos interessados, que realizar\u00e1 a Chamada P\u00fablica n\u00ba 01\/2024. Objeto: Aquisi\u00e7\u00e3o de g\u00eaneros aliment\u00edcios da agricultura familiar para atendimento ao Programa Nacional de Alimenta\u00e7\u00e3o Escolar \u2013 PNAE, conforme as pe\u00e7as t\u00e9cnicas constantes no Instrumento Convocat\u00f3rio e seus anexos, partes integrantes desta [&hellip;]<\/p>\n","protected":false},"author":165,"featured_media":27932,"comment_status":"open","ping_status":"open","sticky":false,"template":"","format":"standard","meta":[],"categories":[64,24,103,65],"tags":[],"_links":{"self":[{"href":"https:\/\/www.ifbaiano.edu.br\/unidades\/lapa\/wp-json\/wp\/v2\/posts\/27939"}],"collection":[{"href":"https:\/\/www.ifbaiano.edu.br\/unidades\/lapa\/wp-json\/wp\/v2\/posts"}],"about":[{"href":"https:\/\/www.ifbaiano.edu.br\/unidades\/lapa\/wp-json\/wp\/v2\/types\/post"}],"author":[{"embeddable":true,"href":"https:\/\/www.ifbaiano.edu.br\/unidades\/lapa\/wp-json\/wp\/v2\/users\/165"}],"replies":[{"embeddable":true,"href":"https:\/\/www.ifbaiano.edu.br\/unidades\/lapa\/wp-json\/wp\/v2\/comments?post=27939"}],"version-history":[{"count":8,"href":"https:\/\/www.ifbaiano.edu.br\/unidades\/lapa\/wp-json\/wp\/v2\/posts\/27939\/revisions"}],"predecessor-version":[{"id":29941,"href":"https:\/\/www.ifbaiano.edu.br\/unidades\/lapa\/wp-json\/wp\/v2\/posts\/27939\/revisions\/29941"}],"wp:featuredmedia":[{"embeddable":true,"href":"https:\/\/www.ifbaiano.edu.br\/unidades\/lapa\/wp-json\/wp\/v2\/media\/27932"}],"wp:attachment":[{"href":"https:\/\/www.ifbaiano.edu.br\/unidades\/lapa\/wp-json\/wp\/v2\/media?parent=27939"}],"wp:term":[{"taxonomy":"category","embeddable":true,"href":"https:\/\/www.ifbaiano.edu.br\/unidades\/lapa\/wp-json\/wp\/v2\/categories?post=27939"},{"taxonomy":"post_tag","embeddable":true,"href":"https:\/\/www.ifbaiano.edu.br\/unidades\/lapa\/wp-json\/wp\/v2\/tags?post=27939"}],"curies":[{"name":"wp","href":"https:\/\/api.w.org\/{rel}","templated":true}]}}