{"id":27959,"date":"2024-04-23T08:13:42","date_gmt":"2024-04-23T11:13:42","guid":{"rendered":"https:\/\/www.ifbaiano.edu.br\/unidades\/lapa\/?p=27959"},"modified":"2024-04-23T08:14:25","modified_gmt":"2024-04-23T11:14:25","slug":"alunos-do-centro-educacional-presbiteriano-sao-recepcionados-em-acao-extensionista-do-campus","status":"publish","type":"post","link":"https:\/\/www.ifbaiano.edu.br\/unidades\/lapa\/2024\/04\/23\/alunos-do-centro-educacional-presbiteriano-sao-recepcionados-em-acao-extensionista-do-campus\/","title":{"rendered":"Alunos do Centro Educacional Presbiteriano s\u00e3o recepcionados em a\u00e7\u00e3o extensionista do Campus"},"content":{"rendered":"\n<p>No \u00faltimo dia 11 de abril, os alunos do sexto e s\u00e9timo ano do Centro Educacional Presbiteriano de Bom Jesus da Lapa visitaram o Campus Bom Jesus da Lapa e puderam participar de atividades nos laborat\u00f3rios de qu\u00edmica, f\u00edsica e biologia, visitar o viveiro de mudas e a \u00e1rea de produ\u00e7\u00e3o animal e vegetal. Com a a\u00e7\u00e3o, mais uma vez a equipe de extensionistas envolvida refor\u00e7a a import\u00e2ncia de parcerias dessa natureza para consolidar a imagem institucional na regi\u00e3o e aumentar a procura pelas vagas ofertadas pelo IF Baiano.<\/p>\n\n\n\n<figure class=\"wp-block-image size-full\"><img decoding=\"async\" loading=\"lazy\" width=\"1600\" height=\"1200\" src=\"https:\/\/www.ifbaiano.edu.br\/unidades\/lapa\/files\/2024\/04\/WhatsApp-Image-2024-04-22-at-10.05.21.jpeg\" alt=\"\" class=\"wp-image-27966\" \/><\/figure>\n\n\n\n<figure class=\"wp-block-image size-full\"><img decoding=\"async\" loading=\"lazy\" width=\"1600\" height=\"1200\" src=\"https:\/\/www.ifbaiano.edu.br\/unidades\/lapa\/files\/2024\/04\/WhatsApp-Image-2024-04-22-at-10.05.20-1.jpeg\" alt=\"\" class=\"wp-image-27965\" \/><\/figure>\n\n\n\n<figure class=\"wp-block-image size-full\"><img decoding=\"async\" loading=\"lazy\" width=\"1600\" height=\"1200\" src=\"https:\/\/www.ifbaiano.edu.br\/unidades\/lapa\/files\/2024\/04\/WhatsApp-Image-2024-04-22-at-10.05.20.jpeg\" alt=\"\" class=\"wp-image-27964\" \/><\/figure>\n\n\n\n<figure class=\"wp-block-image size-full\"><img decoding=\"async\" loading=\"lazy\" width=\"1600\" height=\"1200\" src=\"https:\/\/www.ifbaiano.edu.br\/unidades\/lapa\/files\/2024\/04\/WhatsApp-Image-2024-04-22-at-10.05.19-1.jpeg\" alt=\"\" class=\"wp-image-27963\" \/><\/figure>\n\n\n\n<figure class=\"wp-block-image size-full\"><img decoding=\"async\" loading=\"lazy\" width=\"1600\" height=\"1200\" src=\"https:\/\/www.ifbaiano.edu.br\/unidades\/lapa\/files\/2024\/04\/WhatsApp-Image-2024-04-22-at-10.05.19.jpeg\" alt=\"\" class=\"wp-image-27962\" \/><\/figure>\n\n\n\n<figure class=\"wp-block-image size-full\"><img decoding=\"async\" loading=\"lazy\" width=\"1600\" height=\"1200\" src=\"https:\/\/www.ifbaiano.edu.br\/unidades\/lapa\/files\/2024\/04\/WhatsApp-Image-2024-04-22-at-10.05.18.jpeg\" alt=\"\" class=\"wp-image-27961\" \/><\/figure>\n\n\n\n<figure class=\"wp-block-image size-full\"><img decoding=\"async\" loading=\"lazy\" width=\"1600\" height=\"1200\" src=\"https:\/\/www.ifbaiano.edu.br\/unidades\/lapa\/files\/2024\/04\/WhatsApp-Image-2024-04-22-at-10.05.16.jpeg\" alt=\"\" class=\"wp-image-27960\" \/><\/figure>\n","protected":false},"excerpt":{"rendered":"<p>No \u00faltimo dia 11 de abril, os alunos do sexto e s\u00e9timo ano do Centro Educacional Presbiteriano de Bom Jesus da Lapa visitaram o Campus Bom Jesus da Lapa e puderam participar de atividades nos laborat\u00f3rios de qu\u00edmica, f\u00edsica e biologia, visitar o viveiro de mudas e a \u00e1rea de produ\u00e7\u00e3o animal e vegetal. Com [&hellip;]<\/p>\n","protected":false},"author":165,"featured_media":0,"comment_status":"open","ping_status":"open","sticky":false,"template":"","format":"standard","meta":[],"categories":[64,24,40,65],"tags":[],"_links":{"self":[{"href":"https:\/\/www.ifbaiano.edu.br\/unidades\/lapa\/wp-json\/wp\/v2\/posts\/27959"}],"collection":[{"href":"https:\/\/www.ifbaiano.edu.br\/unidades\/lapa\/wp-json\/wp\/v2\/posts"}],"about":[{"href":"https:\/\/www.ifbaiano.edu.br\/unidades\/lapa\/wp-json\/wp\/v2\/types\/post"}],"author":[{"embeddable":true,"href":"https:\/\/www.ifbaiano.edu.br\/unidades\/lapa\/wp-json\/wp\/v2\/users\/165"}],"replies":[{"embeddable":true,"href":"https:\/\/www.ifbaiano.edu.br\/unidades\/lapa\/wp-json\/wp\/v2\/comments?post=27959"}],"version-history":[{"count":1,"href":"https:\/\/www.ifbaiano.edu.br\/unidades\/lapa\/wp-json\/wp\/v2\/posts\/27959\/revisions"}],"predecessor-version":[{"id":27967,"href":"https:\/\/www.ifbaiano.edu.br\/unidades\/lapa\/wp-json\/wp\/v2\/posts\/27959\/revisions\/27967"}],"wp:attachment":[{"href":"https:\/\/www.ifbaiano.edu.br\/unidades\/lapa\/wp-json\/wp\/v2\/media?parent=27959"}],"wp:term":[{"taxonomy":"category","embeddable":true,"href":"https:\/\/www.ifbaiano.edu.br\/unidades\/lapa\/wp-json\/wp\/v2\/categories?post=27959"},{"taxonomy":"post_tag","embeddable":true,"href":"https:\/\/www.ifbaiano.edu.br\/unidades\/lapa\/wp-json\/wp\/v2\/tags?post=27959"}],"curies":[{"name":"wp","href":"https:\/\/api.w.org\/{rel}","templated":true}]}}