{"id":27968,"date":"2024-04-23T08:19:13","date_gmt":"2024-04-23T11:19:13","guid":{"rendered":"https:\/\/www.ifbaiano.edu.br\/unidades\/lapa\/?p=27968"},"modified":"2024-04-23T08:19:13","modified_gmt":"2024-04-23T11:19:13","slug":"curso-de-extensao-em-parceria-com-o-senar-e-o-sindicato-dos-produtores-rurais-no-campus-lapa","status":"publish","type":"post","link":"https:\/\/www.ifbaiano.edu.br\/unidades\/lapa\/2024\/04\/23\/curso-de-extensao-em-parceria-com-o-senar-e-o-sindicato-dos-produtores-rurais-no-campus-lapa\/","title":{"rendered":"Curso de extens\u00e3o em parceria com o SENAR e o Sindicato dos Produtores Rurais no Campus Lapa"},"content":{"rendered":"\n<p>Considerando que o Campus do IF Baiano atua na forma\u00e7\u00e3o de trabalhadores voltados para o contexto rural, promoveu-se, no per\u00edodo de 10 a 12 de abril, o curso de extens\u00e3o em parceria com o SENAR e o Sindicato dos Produtores Rurais de Bom Jesus da Lapa, com o prop\u00f3sito de discutir as disposi\u00e7\u00f5es legais e regulamentares sobre seguran\u00e7a e sa\u00fade no trabalho rural, de forma a estimular condi\u00e7\u00f5es adequadas condi\u00e7\u00f5es de trabalho e medidas de preven\u00e7\u00e3o e prote\u00e7\u00e3o para garantir que todas as atividades, locais de trabalho, m\u00e1quinas, equipamentos e ferramentas sejam seguros.<\/p>\n\n\n\n<figure class=\"wp-block-image size-full\"><img decoding=\"async\" loading=\"lazy\" width=\"1280\" height=\"960\" src=\"https:\/\/www.ifbaiano.edu.br\/unidades\/lapa\/files\/2024\/04\/WhatsApp-Image-2024-04-22-at-09.59.58.jpeg\" alt=\"\" class=\"wp-image-27974\" \/><\/figure>\n\n\n\n<figure class=\"wp-block-image size-full\"><img decoding=\"async\" loading=\"lazy\" width=\"1280\" height=\"960\" src=\"https:\/\/www.ifbaiano.edu.br\/unidades\/lapa\/files\/2024\/04\/WhatsApp-Image-2024-04-22-at-09.59.57-1.jpeg\" alt=\"\" class=\"wp-image-27973\" \/><\/figure>\n\n\n\n<figure class=\"wp-block-image size-full\"><img decoding=\"async\" loading=\"lazy\" width=\"1280\" height=\"960\" src=\"https:\/\/www.ifbaiano.edu.br\/unidades\/lapa\/files\/2024\/04\/WhatsApp-Image-2024-04-22-at-09.59.57.jpeg\" alt=\"\" class=\"wp-image-27972\" \/><\/figure>\n\n\n\n<figure class=\"wp-block-image size-full\"><img decoding=\"async\" loading=\"lazy\" width=\"1280\" height=\"960\" src=\"https:\/\/www.ifbaiano.edu.br\/unidades\/lapa\/files\/2024\/04\/WhatsApp-Image-2024-04-22-at-09.59.55.jpeg\" alt=\"\" class=\"wp-image-27971\" \/><\/figure>\n\n\n\n<figure class=\"wp-block-image size-full\"><img decoding=\"async\" loading=\"lazy\" width=\"1280\" height=\"960\" src=\"https:\/\/www.ifbaiano.edu.br\/unidades\/lapa\/files\/2024\/04\/WhatsApp-Image-2024-04-22-at-09.59.52-1.jpeg\" alt=\"\" class=\"wp-image-27970\" \/><\/figure>\n\n\n\n<figure class=\"wp-block-image size-full\"><img decoding=\"async\" loading=\"lazy\" width=\"1280\" height=\"960\" src=\"https:\/\/www.ifbaiano.edu.br\/unidades\/lapa\/files\/2024\/04\/WhatsApp-Image-2024-04-22-at-09.59.52.jpeg\" alt=\"\" class=\"wp-image-27969\" \/><\/figure>\n","protected":false},"excerpt":{"rendered":"<p>Considerando que o Campus do IF Baiano atua na forma\u00e7\u00e3o de trabalhadores voltados para o contexto rural, promoveu-se, no per\u00edodo de 10 a 12 de abril, o curso de extens\u00e3o em parceria com o SENAR e o Sindicato dos Produtores Rurais de Bom Jesus da Lapa, com o prop\u00f3sito de discutir as disposi\u00e7\u00f5es legais e [&hellip;]<\/p>\n","protected":false},"author":165,"featured_media":0,"comment_status":"open","ping_status":"open","sticky":false,"template":"","format":"standard","meta":[],"categories":[64,24,40,65],"tags":[],"_links":{"self":[{"href":"https:\/\/www.ifbaiano.edu.br\/unidades\/lapa\/wp-json\/wp\/v2\/posts\/27968"}],"collection":[{"href":"https:\/\/www.ifbaiano.edu.br\/unidades\/lapa\/wp-json\/wp\/v2\/posts"}],"about":[{"href":"https:\/\/www.ifbaiano.edu.br\/unidades\/lapa\/wp-json\/wp\/v2\/types\/post"}],"author":[{"embeddable":true,"href":"https:\/\/www.ifbaiano.edu.br\/unidades\/lapa\/wp-json\/wp\/v2\/users\/165"}],"replies":[{"embeddable":true,"href":"https:\/\/www.ifbaiano.edu.br\/unidades\/lapa\/wp-json\/wp\/v2\/comments?post=27968"}],"version-history":[{"count":1,"href":"https:\/\/www.ifbaiano.edu.br\/unidades\/lapa\/wp-json\/wp\/v2\/posts\/27968\/revisions"}],"predecessor-version":[{"id":27975,"href":"https:\/\/www.ifbaiano.edu.br\/unidades\/lapa\/wp-json\/wp\/v2\/posts\/27968\/revisions\/27975"}],"wp:attachment":[{"href":"https:\/\/www.ifbaiano.edu.br\/unidades\/lapa\/wp-json\/wp\/v2\/media?parent=27968"}],"wp:term":[{"taxonomy":"category","embeddable":true,"href":"https:\/\/www.ifbaiano.edu.br\/unidades\/lapa\/wp-json\/wp\/v2\/categories?post=27968"},{"taxonomy":"post_tag","embeddable":true,"href":"https:\/\/www.ifbaiano.edu.br\/unidades\/lapa\/wp-json\/wp\/v2\/tags?post=27968"}],"curies":[{"name":"wp","href":"https:\/\/api.w.org\/{rel}","templated":true}]}}