{"id":27994,"date":"2024-04-29T08:05:22","date_gmt":"2024-04-29T11:05:22","guid":{"rendered":"https:\/\/www.ifbaiano.edu.br\/unidades\/lapa\/?p=27994"},"modified":"2024-04-29T10:07:17","modified_gmt":"2024-04-29T13:07:17","slug":"atividades-essenciais-do-campus-bom-jesus-da-lapa-durante-a-greve-nacional-dos-servidores-da-educacao-basica-profissional-e-tecnologica","status":"publish","type":"post","link":"https:\/\/www.ifbaiano.edu.br\/unidades\/lapa\/2024\/04\/29\/atividades-essenciais-do-campus-bom-jesus-da-lapa-durante-a-greve-nacional-dos-servidores-da-educacao-basica-profissional-e-tecnologica\/","title":{"rendered":"Atividades essenciais do Campus Bom Jesus da Lapa durante a Greve Nacional dos Servidores da Educa\u00e7\u00e3o B\u00e1sica, Profissional e Tecnol\u00f3gica."},"content":{"rendered":"\n<p>Vimos informar \u00e0 Comunidade Acad\u00eamica do Instituto Federal Baiano &#8211; Campus Bom Jesus da Lapa (Servidores, Estudantes, Pais\/Respons\u00e1veis) as atividades essenciais a serem mantidas durante a Greve Nacional dos Servidores da Educa\u00e7\u00e3o B\u00e1sica, Profissional e Tecnol\u00f3gica, aderida pelos servidores deste campus a partir do turno noturno do dia 23 de abril de 2024.2.<\/p>\n\n\n\n<p> As atividades essenciais foram definidas, em an\u00e1lise conjunta, entre a Gest\u00e3o do Instituto Federal Baiano &#8211; Campus Bom Jesus da Lapa e o Comando Local de Greve, em reuni\u00f5es realizadas nos dias 24\/4\/2024 e 26\/4\/2024<\/p>\n\n\n\n<p>Acesse aqui<\/p>\n\n\n\n<p><a href=\"https:\/\/www.ifbaiano.edu.br\/unidades\/lapa\/files\/2024\/04\/OFICIO-CIRCULAR-10-2024-BJL-GAB_IFBAIANO.pdf\">OFICIO CIRCULAR 10\/2024<\/a><\/p>\n\n\n\n<p><a href=\"https:\/\/www.ifbaiano.edu.br\/unidades\/lapa\/files\/2024\/04\/OFICIO-CIRCULAR-11-2024-BJL-GAB_IFBAIANO.pdf\">OFICIO CIRCULAR 11\/2024<\/a><\/p>\n","protected":false},"excerpt":{"rendered":"<p>Vimos informar \u00e0 Comunidade Acad\u00eamica do Instituto Federal Baiano &#8211; Campus Bom Jesus da Lapa (Servidores, Estudantes, Pais\/Respons\u00e1veis) as atividades essenciais a serem mantidas durante a Greve Nacional dos Servidores da Educa\u00e7\u00e3o B\u00e1sica, Profissional e Tecnol\u00f3gica, aderida pelos servidores deste campus a partir do turno noturno do dia 23 de abril de 2024.2. As atividades [&hellip;]<\/p>\n","protected":false},"author":165,"featured_media":27998,"comment_status":"open","ping_status":"open","sticky":false,"template":"","format":"standard","meta":[],"categories":[115,64,24,65],"tags":[],"_links":{"self":[{"href":"https:\/\/www.ifbaiano.edu.br\/unidades\/lapa\/wp-json\/wp\/v2\/posts\/27994"}],"collection":[{"href":"https:\/\/www.ifbaiano.edu.br\/unidades\/lapa\/wp-json\/wp\/v2\/posts"}],"about":[{"href":"https:\/\/www.ifbaiano.edu.br\/unidades\/lapa\/wp-json\/wp\/v2\/types\/post"}],"author":[{"embeddable":true,"href":"https:\/\/www.ifbaiano.edu.br\/unidades\/lapa\/wp-json\/wp\/v2\/users\/165"}],"replies":[{"embeddable":true,"href":"https:\/\/www.ifbaiano.edu.br\/unidades\/lapa\/wp-json\/wp\/v2\/comments?post=27994"}],"version-history":[{"count":3,"href":"https:\/\/www.ifbaiano.edu.br\/unidades\/lapa\/wp-json\/wp\/v2\/posts\/27994\/revisions"}],"predecessor-version":[{"id":28006,"href":"https:\/\/www.ifbaiano.edu.br\/unidades\/lapa\/wp-json\/wp\/v2\/posts\/27994\/revisions\/28006"}],"wp:featuredmedia":[{"embeddable":true,"href":"https:\/\/www.ifbaiano.edu.br\/unidades\/lapa\/wp-json\/wp\/v2\/media\/27998"}],"wp:attachment":[{"href":"https:\/\/www.ifbaiano.edu.br\/unidades\/lapa\/wp-json\/wp\/v2\/media?parent=27994"}],"wp:term":[{"taxonomy":"category","embeddable":true,"href":"https:\/\/www.ifbaiano.edu.br\/unidades\/lapa\/wp-json\/wp\/v2\/categories?post=27994"},{"taxonomy":"post_tag","embeddable":true,"href":"https:\/\/www.ifbaiano.edu.br\/unidades\/lapa\/wp-json\/wp\/v2\/tags?post=27994"}],"curies":[{"name":"wp","href":"https:\/\/api.w.org\/{rel}","templated":true}]}}