{"id":28093,"date":"2024-05-14T12:53:03","date_gmt":"2024-05-14T15:53:03","guid":{"rendered":"https:\/\/www.ifbaiano.edu.br\/unidades\/lapa\/?p=28093"},"modified":"2024-05-14T12:53:04","modified_gmt":"2024-05-14T15:53:04","slug":"campus-bom-jesus-da-lapa-recebe-doacao-de-maquinario-da-codevasf","status":"publish","type":"post","link":"https:\/\/www.ifbaiano.edu.br\/unidades\/lapa\/2024\/05\/14\/campus-bom-jesus-da-lapa-recebe-doacao-de-maquinario-da-codevasf\/","title":{"rendered":"Campus Bom Jesus da Lapa recebe doa\u00e7\u00e3o de maquin\u00e1rio da Codevasf"},"content":{"rendered":"\n<p><p class=\"western\" align=\"justify\" style=\"line-height: 108%;margin-bottom: 0.28cm\"> Na ter\u00e7a-feira, 23 de abril, foi realizado no audit\u00f3rio do IF Baiano &#8211; Campus Bom Jesus da Lapa, um caf\u00e9 em agradecimento ao apoio recebido para o projeto \u201cAvalia\u00e7\u00e3o agron\u00f4mica de variedades porta-enxerto geradas e\/ou selecionadas pelo PMG citros, em combina\u00e7\u00e3o com a laranjeira \u2018Pera CNPMF-D6\u00b4\u201d. Estiveram presentes representantes da 2\u00aa Superintend\u00eancia Regional da Codevasf, Brasm\u00e1quinas, Nutrimaq, DNA Agr\u00edcola, Distrito de Irriga\u00e7\u00e3o do Formoso, Sindicato dos Produtores Rurais de Bom Jesus da Lapa, al\u00e9m da Dire\u00e7\u00e3o-Geral, coordenadores de cursos, professores e t\u00e9cnicos administrativos do campus.  <\/p><p class=\"western\" align=\"justify\" style=\"line-height: 108%;margin-bottom: 0.28cm\"> O momento foi promovido como forma de agradecimento aos \u00f3rg\u00e3os e empresas locais que realizam importante apoio para execu\u00e7\u00e3o do projeto de pesquisa. Estes parceiros foram essenciais na implanta\u00e7\u00e3o, desde a prepara\u00e7\u00e3o da \u00e1rea, no fornecimento das mudas, materiais de irriga\u00e7\u00e3o, insumos como fertilizantes e defensivos agr\u00edcolas. Em especial, o dia foi marcado pela oficializa\u00e7\u00e3o da doa\u00e7\u00e3o de uma ro\u00e7adeira hidr\u00e1ulica, pela Codevasf, para apoiar este e outros projetos da institui\u00e7\u00e3o.<\/p><p class=\"western\" align=\"justify\" style=\"line-height: 108%;margin-bottom: 0.28cm\"> Na ocasi\u00e3o, o professor e diretor-geral, Ge\u00e2ngelo Rosa falou dos desafios de realizar pesquisa e extens\u00e3o, mas destacou a dedica\u00e7\u00e3o dos servidores para realiz\u00e1-los, o que se demonstra no destaque externo que o campus tem nas feiras e eventos que participa. Al\u00e9m da boa recep\u00e7\u00e3o da comunidade, que reflete o impacto positivo dos projetos que reverbera no territ\u00f3rio.  <\/p><p class=\"western\" align=\"justify\" style=\"line-height: 108%;margin-bottom: 0.28cm\"> O professor Antonio H\u00e9lder, coordenador do Projeto Citros em parceria com a Embrapa, saudou a organiza\u00e7\u00e3o do evento e mencionou a import\u00e2ncia de celebrar as parcerias. Agradeceu a recep\u00e7\u00e3o e o cuidado das empresas parceiras. Tamb\u00e9m relatou o impacto da participa\u00e7\u00e3o nos projetos de pesquisa para forma\u00e7\u00e3o dos estudantes.  <\/p><p class=\"western\" align=\"justify\" style=\"line-height: 108%;margin-bottom: 0.28cm\"> O superintendete da Codevasf, Harley Xavier, falou da felicidade de ser convidado para estar no Instituto e da import\u00e2ncia de buscar o desenvolvimento da regi\u00e3o. Harley relatou como estas parcerias geram expectativa de m\u00e3o obra especializada, cuja demanda existe e destacou o papel do Instituto Federal para capacitar e motivar os jovens. Ainda, declarou que a Codevasf est\u00e1 a disposi\u00e7\u00e3o para dialogar e contribuir com novos projetos.  <\/p><p class=\"western\" align=\"justify\" style=\"line-height: 108%;margin-bottom: 0.28cm\"> Ap\u00f3s apreciar o caf\u00e9 no audit\u00f3rio, os presentes foram convidados para visitar a \u00e1rea experimental de citros, no campus.<\/p> <\/p>\n\n\n\n<figure class=\"wp-block-image size-full\"><img decoding=\"async\" loading=\"lazy\" width=\"1600\" height=\"1066\" src=\"https:\/\/www.ifbaiano.edu.br\/unidades\/lapa\/files\/2024\/05\/WhatsApp-Image-2024-05-14-at-12.24.52.jpeg\" alt=\"\" class=\"wp-image-28095\" \/><\/figure>\n\n\n\n<figure class=\"wp-block-image size-full is-style-default\"><img decoding=\"async\" loading=\"lazy\" width=\"1600\" height=\"1066\" src=\"https:\/\/www.ifbaiano.edu.br\/unidades\/lapa\/files\/2024\/05\/WhatsApp-Image-2024-05-14-at-12.25.00.jpeg\" alt=\"\" class=\"wp-image-28096\" \/><\/figure>\n\n\n\n<figure class=\"wp-block-image size-full\"><img decoding=\"async\" loading=\"lazy\" width=\"1600\" height=\"1066\" src=\"https:\/\/www.ifbaiano.edu.br\/unidades\/lapa\/files\/2024\/05\/WhatsApp-Image-2024-05-14-at-12.24.31.jpeg\" alt=\"\" class=\"wp-image-28094\" \/><\/figure>\n\n\n\n<figure class=\"wp-block-image size-full\"><img decoding=\"async\" loading=\"lazy\" width=\"1600\" height=\"1066\" src=\"https:\/\/www.ifbaiano.edu.br\/unidades\/lapa\/files\/2024\/05\/WhatsApp-Image-2024-05-14-at-12.29.25.jpeg\" alt=\"\" class=\"wp-image-28097\" \/><\/figure>\n","protected":false},"excerpt":{"rendered":"<p>Na ter\u00e7a-feira, 23 de abril, foi realizado no audit\u00f3rio do IF Baiano &#8211; Campus Bom Jesus da Lapa, um caf\u00e9 em agradecimento ao apoio recebido para o projeto \u201cAvalia\u00e7\u00e3o agron\u00f4mica de variedades porta-enxerto geradas e\/ou selecionadas pelo PMG citros, em combina\u00e7\u00e3o com a laranjeira \u2018Pera CNPMF-D6\u00b4\u201d. Estiveram presentes representantes da 2\u00aa Superintend\u00eancia Regional da Codevasf, [&hellip;]<\/p>\n","protected":false},"author":165,"featured_media":28095,"comment_status":"open","ping_status":"open","sticky":false,"template":"","format":"standard","meta":[],"categories":[115,64,24,65],"tags":[],"_links":{"self":[{"href":"https:\/\/www.ifbaiano.edu.br\/unidades\/lapa\/wp-json\/wp\/v2\/posts\/28093"}],"collection":[{"href":"https:\/\/www.ifbaiano.edu.br\/unidades\/lapa\/wp-json\/wp\/v2\/posts"}],"about":[{"href":"https:\/\/www.ifbaiano.edu.br\/unidades\/lapa\/wp-json\/wp\/v2\/types\/post"}],"author":[{"embeddable":true,"href":"https:\/\/www.ifbaiano.edu.br\/unidades\/lapa\/wp-json\/wp\/v2\/users\/165"}],"replies":[{"embeddable":true,"href":"https:\/\/www.ifbaiano.edu.br\/unidades\/lapa\/wp-json\/wp\/v2\/comments?post=28093"}],"version-history":[{"count":1,"href":"https:\/\/www.ifbaiano.edu.br\/unidades\/lapa\/wp-json\/wp\/v2\/posts\/28093\/revisions"}],"predecessor-version":[{"id":28098,"href":"https:\/\/www.ifbaiano.edu.br\/unidades\/lapa\/wp-json\/wp\/v2\/posts\/28093\/revisions\/28098"}],"wp:featuredmedia":[{"embeddable":true,"href":"https:\/\/www.ifbaiano.edu.br\/unidades\/lapa\/wp-json\/wp\/v2\/media\/28095"}],"wp:attachment":[{"href":"https:\/\/www.ifbaiano.edu.br\/unidades\/lapa\/wp-json\/wp\/v2\/media?parent=28093"}],"wp:term":[{"taxonomy":"category","embeddable":true,"href":"https:\/\/www.ifbaiano.edu.br\/unidades\/lapa\/wp-json\/wp\/v2\/categories?post=28093"},{"taxonomy":"post_tag","embeddable":true,"href":"https:\/\/www.ifbaiano.edu.br\/unidades\/lapa\/wp-json\/wp\/v2\/tags?post=28093"}],"curies":[{"name":"wp","href":"https:\/\/api.w.org\/{rel}","templated":true}]}}