{"id":28120,"date":"2024-06-10T12:21:53","date_gmt":"2024-06-10T15:21:53","guid":{"rendered":"https:\/\/www.ifbaiano.edu.br\/unidades\/lapa\/?p=28120"},"modified":"2024-06-10T12:46:34","modified_gmt":"2024-06-10T15:46:34","slug":"nota-informativa-3","status":"publish","type":"post","link":"https:\/\/www.ifbaiano.edu.br\/unidades\/lapa\/2024\/06\/10\/nota-informativa-3\/","title":{"rendered":"Nota informativa aos estudantes, pais\/respons\u00e1veis"},"content":{"rendered":"\n<p>Nota Informativa 1\/2024 &#8211; BJL-GAB\/BJL-DG\/RET\/IFBAIANO, de 10 de junho de 2024<\/p>\n\n\n\n<p><\/p>\n\n\n\n<p class=\"has-text-align-center\"><strong>Aos Estudantes, Pais\/Respons\u00e1veis<\/strong><\/p>\n\n\n\n<p>O IF Baiano \u2013 Campus Bom Jesus da Lapa tomou ci\u00eancia de que um(a) estudante recepcionou mensagens de <em>WhatsApp<\/em>, de n\u00famero desconhecido, emitida em nome do Instituto Federal Baiano &#8211; Campus Bom Jesus da Lapa informando o retorno das aulas no dia 12\/6 e pedindo dados pessoais de n\u00famero de matr\u00edcula e de cart\u00e3o de cr\u00e9dito para a confirma\u00e7\u00e3o do transporte escolar. N\u00e3o caia nesse golpe! A mensagem \u00e9 falsa e a Dire\u00e7\u00e3o-Geral adotar\u00e1 as medidas administrativas cab\u00edveis.<\/p>\n\n\n\n<p>O IF Baiano &#8211; Campus Bom Jesus da Lapa n\u00e3o solicita dados pessoais, nem de cart\u00e3o de cr\u00e9dito de ningu\u00e9m, e qualquer comunicado que n\u00e3o seja dos contatos oficiais do IF Baiano deve ser confirmado em nossos canais oficiais de comunica\u00e7\u00e3o ou por meio dos setores do campus.\u00a0<\/p>\n\n\n\n<p>As comunica\u00e7\u00f5es oficiais do IF Baiano \u2013 Campus Bom Jesus da Lapa s\u00e3o divulgadas em nosso site e\/ou redes sociais do campus.<\/p>\n\n\n\n<p>Confira os endere\u00e7os abaixo.<\/p>\n\n\n\n<p><strong>Site:<\/strong> <a href=\"https:\/\/www.ifbaiano.edu.br\/unidades\/lapa\/\">https:\/\/www.ifbaiano.edu.br\/unidades\/lapa\/<\/a><\/p>\n\n\n\n<p><strong>Instagram: <\/strong>ifbaiano_lapa<\/p>\n\n\n\n<p><strong>Facebook<\/strong>: IF Baiano &#8211; Campus Lapa<\/p>\n\n\n\n<p><strong>YouTube:<\/strong> IFBaiano Bom Jesus da Lapa<\/p>\n\n\n\n<p><a><\/a> <strong>Contatos telef\u00f4nicos e dos setores: <\/strong><a href=\"https:\/\/www.ifbaiano.edu.br\/unidades\/lapa\/contatos\/\">https:\/\/www.ifbaiano.edu.br\/unidades\/lapa\/contatos\/<\/a><\/p>\n\n\n\n<p><\/p>\n\n\n\n<p class=\"has-text-align-right\"><\/p>\n","protected":false},"excerpt":{"rendered":"<p>Nota Informativa 1\/2024 &#8211; BJL-GAB\/BJL-DG\/RET\/IFBAIANO, de 10 de junho de 2024 Aos Estudantes, Pais\/Respons\u00e1veis O IF Baiano \u2013 Campus Bom Jesus da Lapa tomou ci\u00eancia de que um(a) estudante recepcionou mensagens de WhatsApp, de n\u00famero desconhecido, emitida em nome do Instituto Federal Baiano &#8211; Campus Bom Jesus da Lapa informando o retorno das aulas no [&hellip;]<\/p>\n","protected":false},"author":165,"featured_media":0,"comment_status":"open","ping_status":"open","sticky":false,"template":"","format":"standard","meta":[],"categories":[115,64,24,65],"tags":[],"_links":{"self":[{"href":"https:\/\/www.ifbaiano.edu.br\/unidades\/lapa\/wp-json\/wp\/v2\/posts\/28120"}],"collection":[{"href":"https:\/\/www.ifbaiano.edu.br\/unidades\/lapa\/wp-json\/wp\/v2\/posts"}],"about":[{"href":"https:\/\/www.ifbaiano.edu.br\/unidades\/lapa\/wp-json\/wp\/v2\/types\/post"}],"author":[{"embeddable":true,"href":"https:\/\/www.ifbaiano.edu.br\/unidades\/lapa\/wp-json\/wp\/v2\/users\/165"}],"replies":[{"embeddable":true,"href":"https:\/\/www.ifbaiano.edu.br\/unidades\/lapa\/wp-json\/wp\/v2\/comments?post=28120"}],"version-history":[{"count":5,"href":"https:\/\/www.ifbaiano.edu.br\/unidades\/lapa\/wp-json\/wp\/v2\/posts\/28120\/revisions"}],"predecessor-version":[{"id":28126,"href":"https:\/\/www.ifbaiano.edu.br\/unidades\/lapa\/wp-json\/wp\/v2\/posts\/28120\/revisions\/28126"}],"wp:attachment":[{"href":"https:\/\/www.ifbaiano.edu.br\/unidades\/lapa\/wp-json\/wp\/v2\/media?parent=28120"}],"wp:term":[{"taxonomy":"category","embeddable":true,"href":"https:\/\/www.ifbaiano.edu.br\/unidades\/lapa\/wp-json\/wp\/v2\/categories?post=28120"},{"taxonomy":"post_tag","embeddable":true,"href":"https:\/\/www.ifbaiano.edu.br\/unidades\/lapa\/wp-json\/wp\/v2\/tags?post=28120"}],"curies":[{"name":"wp","href":"https:\/\/api.w.org\/{rel}","templated":true}]}}