{"id":28145,"date":"2024-06-26T10:55:35","date_gmt":"2024-06-26T13:55:35","guid":{"rendered":"https:\/\/www.ifbaiano.edu.br\/unidades\/lapa\/?p=28145"},"modified":"2024-06-26T10:59:18","modified_gmt":"2024-06-26T13:59:18","slug":"chamada-publica-interna-1-2024-selecao-de-coordenador-adjunto-local-do-programa-ecosol","status":"publish","type":"post","link":"https:\/\/www.ifbaiano.edu.br\/unidades\/lapa\/2024\/06\/26\/chamada-publica-interna-1-2024-selecao-de-coordenador-adjunto-local-do-programa-ecosol\/","title":{"rendered":"Chamada P\u00fablica Interna 1\/2024 \u2013 Sele\u00e7\u00e3o de Coordenador Adjunto Local do Programa Ecosol"},"content":{"rendered":"\n<p>Tornamos p\u00fablica a chamada interna 01\/2024, contendo as normas e os<br>procedimentos para a sele\u00e7\u00e3o de Coordenador Adjunto Local do curso de Forma\u00e7\u00e3o Continuada em Gest\u00e3o de Empreendimentos Econ\u00f4micos Solid\u00e1rios, vinculado ao Programa de Qualifica\u00e7\u00e3o Social e Profissional em Economia Popular e Solid\u00e1ria nos Institutos Federais do Norte e Nordeste e que ser\u00e1 ofertado no Campus Bom Jesus da Lapa. As inscri\u00e7\u00f5es se iniciam hoje, 26\/06 e v\u00e3o at\u00e9 o dia 28\/06. Leia o edital e participe! Os candidatos dever\u00e3o comprovar experi\u00eancia com projetos, estudos e publica\u00e7\u00f5es na \u00e1rea de economia solid\u00e1ria. Maiores informa\u00e7\u00f5es no site: https:\/\/www.ifbaiano.edu.br\/unidades\/lapa\/chamada-publica-interna-01-2024-processo-seletivo-simplificado\/<\/p>\n\n\n\n<p><div class=\"wp-block-file\"><a href=\"https:\/\/www.ifbaiano.edu.br\/unidades\/lapa\/chamada-publica-interna-01-2024-processo-seletivo-simplificado\/\">Acesse aqui Chamada P\u00fablica Interna 1\/2024<\/a><\/div>\n<\/p>\n\n\n\n<figure class=\"wp-block-image size-full\"><img decoding=\"async\" loading=\"lazy\" width=\"1080\" height=\"1080\" src=\"https:\/\/www.ifbaiano.edu.br\/unidades\/lapa\/files\/2024\/06\/WhatsApp-Image-2024-06-21-at-18.24.12.jpeg\" alt=\"\" class=\"wp-image-28146\" \/><\/figure>\n\n\n\n<p><div class=\"wp-block-file\"><a href=\"https:\/\/www.ifbaiano.edu.br\/unidades\/lapa\/chamada-publica-interna-01-2024-processo-seletivo-simplificado\/\">ACESSE AQUI<\/a><\/div>\n<\/p>\n","protected":false},"excerpt":{"rendered":"<p>Tornamos p\u00fablica a chamada interna 01\/2024, contendo as normas e osprocedimentos para a sele\u00e7\u00e3o de Coordenador Adjunto Local do curso de Forma\u00e7\u00e3o Continuada em Gest\u00e3o de Empreendimentos Econ\u00f4micos Solid\u00e1rios, vinculado ao Programa de Qualifica\u00e7\u00e3o Social e Profissional em Economia Popular e Solid\u00e1ria nos Institutos Federais do Norte e Nordeste e que ser\u00e1 ofertado no Campus [&hellip;]<\/p>\n","protected":false},"author":165,"featured_media":28146,"comment_status":"open","ping_status":"open","sticky":false,"template":"","format":"standard","meta":[],"categories":[41,64,24,65],"tags":[],"_links":{"self":[{"href":"https:\/\/www.ifbaiano.edu.br\/unidades\/lapa\/wp-json\/wp\/v2\/posts\/28145"}],"collection":[{"href":"https:\/\/www.ifbaiano.edu.br\/unidades\/lapa\/wp-json\/wp\/v2\/posts"}],"about":[{"href":"https:\/\/www.ifbaiano.edu.br\/unidades\/lapa\/wp-json\/wp\/v2\/types\/post"}],"author":[{"embeddable":true,"href":"https:\/\/www.ifbaiano.edu.br\/unidades\/lapa\/wp-json\/wp\/v2\/users\/165"}],"replies":[{"embeddable":true,"href":"https:\/\/www.ifbaiano.edu.br\/unidades\/lapa\/wp-json\/wp\/v2\/comments?post=28145"}],"version-history":[{"count":2,"href":"https:\/\/www.ifbaiano.edu.br\/unidades\/lapa\/wp-json\/wp\/v2\/posts\/28145\/revisions"}],"predecessor-version":[{"id":28149,"href":"https:\/\/www.ifbaiano.edu.br\/unidades\/lapa\/wp-json\/wp\/v2\/posts\/28145\/revisions\/28149"}],"wp:featuredmedia":[{"embeddable":true,"href":"https:\/\/www.ifbaiano.edu.br\/unidades\/lapa\/wp-json\/wp\/v2\/media\/28146"}],"wp:attachment":[{"href":"https:\/\/www.ifbaiano.edu.br\/unidades\/lapa\/wp-json\/wp\/v2\/media?parent=28145"}],"wp:term":[{"taxonomy":"category","embeddable":true,"href":"https:\/\/www.ifbaiano.edu.br\/unidades\/lapa\/wp-json\/wp\/v2\/categories?post=28145"},{"taxonomy":"post_tag","embeddable":true,"href":"https:\/\/www.ifbaiano.edu.br\/unidades\/lapa\/wp-json\/wp\/v2\/tags?post=28145"}],"curies":[{"name":"wp","href":"https:\/\/api.w.org\/{rel}","templated":true}]}}