{"id":28151,"date":"2024-06-28T11:51:26","date_gmt":"2024-06-28T14:51:26","guid":{"rendered":"https:\/\/www.ifbaiano.edu.br\/unidades\/lapa\/?p=28151"},"modified":"2024-06-28T12:10:41","modified_gmt":"2024-06-28T15:10:41","slug":"retorno-das-atividades-administrativas-e-pedagogicas-campus-bom-jesus-da-lapa-apos-o-encerramento-da-greve-nacional-dos-servidores-da-educacao-basica-profissional-e-tecnologica","status":"publish","type":"post","link":"https:\/\/www.ifbaiano.edu.br\/unidades\/lapa\/2024\/06\/28\/retorno-das-atividades-administrativas-e-pedagogicas-campus-bom-jesus-da-lapa-apos-o-encerramento-da-greve-nacional-dos-servidores-da-educacao-basica-profissional-e-tecnologica\/","title":{"rendered":"Retorno das atividades administrativas e pedag\u00f3gicas Campus Bom Jesus da Lapa ap\u00f3s o encerramento da Greve Nacional dos Servidores da Educa\u00e7\u00e3o B\u00e1sica, Profissional e Tecnol\u00f3gica"},"content":{"rendered":"\n<p>Comunicamos \u00e0 Comunidade Acad\u00eamica (Servidores(as), Estudantes, Pais\/Respons\u00e1veis) o encerramento da Greve Nacional dos Servidores da Educa\u00e7\u00e3o B\u00e1sica, Profissional e Tecnol\u00f3gica. Dessa forma, <strong>as atividades atividades pedag\u00f3gicas e administrativas ser\u00e3o retomadas<\/strong> no IF Baiano &#8211; Campus Bom Jesus da Lapa, a partir do turno matutino do <strong>dia 3 de julho de 2024.<\/strong><\/p>\n\n\n\n<p><div class=\"wp-block-file\"><a href=\"https:\/\/www.ifbaiano.edu.br\/unidades\/lapa\/files\/2024\/06\/Oficio-Circular-12-2024-BJL-GAB_IFBAIANO_Retorno-das-atividades-administrativas-e-pedagogicas-Campus-Bom-Jesus-da-Lapa.pdf\">Acesse aqui Of\u00edcio Circular 12-2024 &#8211; BJL-GAB_IFBAIANO_Retorno das atividades administrativas e pedag\u00f3gicas Campus Bom Jesus da Lapa<\/a><\/div>\n<\/p>\n\n\n\n<figure class=\"wp-block-image size-full\"><img decoding=\"async\" loading=\"lazy\" width=\"1080\" height=\"1080\" src=\"https:\/\/www.ifbaiano.edu.br\/unidades\/lapa\/files\/2024\/06\/Retorno-as-atividades-1.png\" alt=\"\" class=\"wp-image-28155\" \/><\/figure>\n","protected":false},"excerpt":{"rendered":"<p>Comunicamos \u00e0 Comunidade Acad\u00eamica (Servidores(as), Estudantes, Pais\/Respons\u00e1veis) o encerramento da Greve Nacional dos Servidores da Educa\u00e7\u00e3o B\u00e1sica, Profissional e Tecnol\u00f3gica. Dessa forma, as atividades atividades pedag\u00f3gicas e administrativas ser\u00e3o retomadas no IF Baiano &#8211; Campus Bom Jesus da Lapa, a partir do turno matutino do dia 3 de julho de 2024. Acesse aqui Of\u00edcio Circular [&hellip;]<\/p>\n","protected":false},"author":165,"featured_media":28155,"comment_status":"open","ping_status":"open","sticky":false,"template":"","format":"standard","meta":[],"categories":[115,64,24,65],"tags":[],"_links":{"self":[{"href":"https:\/\/www.ifbaiano.edu.br\/unidades\/lapa\/wp-json\/wp\/v2\/posts\/28151"}],"collection":[{"href":"https:\/\/www.ifbaiano.edu.br\/unidades\/lapa\/wp-json\/wp\/v2\/posts"}],"about":[{"href":"https:\/\/www.ifbaiano.edu.br\/unidades\/lapa\/wp-json\/wp\/v2\/types\/post"}],"author":[{"embeddable":true,"href":"https:\/\/www.ifbaiano.edu.br\/unidades\/lapa\/wp-json\/wp\/v2\/users\/165"}],"replies":[{"embeddable":true,"href":"https:\/\/www.ifbaiano.edu.br\/unidades\/lapa\/wp-json\/wp\/v2\/comments?post=28151"}],"version-history":[{"count":2,"href":"https:\/\/www.ifbaiano.edu.br\/unidades\/lapa\/wp-json\/wp\/v2\/posts\/28151\/revisions"}],"predecessor-version":[{"id":28156,"href":"https:\/\/www.ifbaiano.edu.br\/unidades\/lapa\/wp-json\/wp\/v2\/posts\/28151\/revisions\/28156"}],"wp:featuredmedia":[{"embeddable":true,"href":"https:\/\/www.ifbaiano.edu.br\/unidades\/lapa\/wp-json\/wp\/v2\/media\/28155"}],"wp:attachment":[{"href":"https:\/\/www.ifbaiano.edu.br\/unidades\/lapa\/wp-json\/wp\/v2\/media?parent=28151"}],"wp:term":[{"taxonomy":"category","embeddable":true,"href":"https:\/\/www.ifbaiano.edu.br\/unidades\/lapa\/wp-json\/wp\/v2\/categories?post=28151"},{"taxonomy":"post_tag","embeddable":true,"href":"https:\/\/www.ifbaiano.edu.br\/unidades\/lapa\/wp-json\/wp\/v2\/tags?post=28151"}],"curies":[{"name":"wp","href":"https:\/\/api.w.org\/{rel}","templated":true}]}}