{"id":28299,"date":"2024-07-23T15:24:15","date_gmt":"2024-07-23T18:24:15","guid":{"rendered":"https:\/\/www.ifbaiano.edu.br\/unidades\/lapa\/?p=28299"},"modified":"2024-07-24T08:25:07","modified_gmt":"2024-07-24T11:25:07","slug":"if-baiano-campus-bom-jesus-da-lapa-promove-evento-o-dia-de-campo-uso-de-protetor-solar-em-cultivos-agricolas","status":"publish","type":"post","link":"https:\/\/www.ifbaiano.edu.br\/unidades\/lapa\/2024\/07\/23\/if-baiano-campus-bom-jesus-da-lapa-promove-evento-o-dia-de-campo-uso-de-protetor-solar-em-cultivos-agricolas\/","title":{"rendered":"IF Baiano &#8211; Campus Bom Jesus da Lapa promove evento O Dia de Campo: \u201cUso de Protetor Solar em Cultivos Agr\u00edcolas"},"content":{"rendered":"\n<p>O Dia de Campo: \u201cUso de Protetor Solar em Cultivos Agr\u00edcolas&#8221; visa ampliar o conhecimento sobre a aplica\u00e7\u00e3o de protetor solar em cultivos agr\u00edcolas, explorando sua efici\u00eancia e o impacto positivo na produtividade das culturas. Este evento de extens\u00e3o tem como p\u00fablico alvo produtores rurais, profissionais e estudantes ligados \u00e0s Ci\u00eancias Agr\u00e1rias da regi\u00e3o abrangida pelo IF Baiano &#8211; Campus Bom Jesus da Lapa. As inscri\u00e7\u00f5es poder\u00e3o ser realizadas at\u00e9 o dia 30\/07\/2024, no seguinte link:  <a href=\"https:\/\/suap.ifbaiano.edu.br\/eventos\/evento\/1670\/\">https:\/\/suap.ifbaiano.edu.br\/eventos\/evento\/1670\/<\/a><\/p>\n\n\n\n<figure class=\"wp-block-image size-full\"><img decoding=\"async\" loading=\"lazy\" width=\"1600\" height=\"1600\" src=\"https:\/\/www.ifbaiano.edu.br\/unidades\/lapa\/files\/2024\/07\/WhatsApp-Image-2024-07-23-at-15.13.33.jpeg\" alt=\"\" class=\"wp-image-28298\" \/><\/figure>\n","protected":false},"excerpt":{"rendered":"<p>O Dia de Campo: \u201cUso de Protetor Solar em Cultivos Agr\u00edcolas&#8221; visa ampliar o conhecimento sobre a aplica\u00e7\u00e3o de protetor solar em cultivos agr\u00edcolas, explorando sua efici\u00eancia e o impacto positivo na produtividade das culturas. Este evento de extens\u00e3o tem como p\u00fablico alvo produtores rurais, profissionais e estudantes ligados \u00e0s Ci\u00eancias Agr\u00e1rias da regi\u00e3o abrangida [&hellip;]<\/p>\n","protected":false},"author":165,"featured_media":28298,"comment_status":"open","ping_status":"open","sticky":false,"template":"","format":"standard","meta":[],"categories":[115,64,24,65],"tags":[],"_links":{"self":[{"href":"https:\/\/www.ifbaiano.edu.br\/unidades\/lapa\/wp-json\/wp\/v2\/posts\/28299"}],"collection":[{"href":"https:\/\/www.ifbaiano.edu.br\/unidades\/lapa\/wp-json\/wp\/v2\/posts"}],"about":[{"href":"https:\/\/www.ifbaiano.edu.br\/unidades\/lapa\/wp-json\/wp\/v2\/types\/post"}],"author":[{"embeddable":true,"href":"https:\/\/www.ifbaiano.edu.br\/unidades\/lapa\/wp-json\/wp\/v2\/users\/165"}],"replies":[{"embeddable":true,"href":"https:\/\/www.ifbaiano.edu.br\/unidades\/lapa\/wp-json\/wp\/v2\/comments?post=28299"}],"version-history":[{"count":3,"href":"https:\/\/www.ifbaiano.edu.br\/unidades\/lapa\/wp-json\/wp\/v2\/posts\/28299\/revisions"}],"predecessor-version":[{"id":28304,"href":"https:\/\/www.ifbaiano.edu.br\/unidades\/lapa\/wp-json\/wp\/v2\/posts\/28299\/revisions\/28304"}],"wp:featuredmedia":[{"embeddable":true,"href":"https:\/\/www.ifbaiano.edu.br\/unidades\/lapa\/wp-json\/wp\/v2\/media\/28298"}],"wp:attachment":[{"href":"https:\/\/www.ifbaiano.edu.br\/unidades\/lapa\/wp-json\/wp\/v2\/media?parent=28299"}],"wp:term":[{"taxonomy":"category","embeddable":true,"href":"https:\/\/www.ifbaiano.edu.br\/unidades\/lapa\/wp-json\/wp\/v2\/categories?post=28299"},{"taxonomy":"post_tag","embeddable":true,"href":"https:\/\/www.ifbaiano.edu.br\/unidades\/lapa\/wp-json\/wp\/v2\/tags?post=28299"}],"curies":[{"name":"wp","href":"https:\/\/api.w.org\/{rel}","templated":true}]}}