{"id":28353,"date":"2024-07-30T18:52:59","date_gmt":"2024-07-30T21:52:59","guid":{"rendered":"https:\/\/www.ifbaiano.edu.br\/unidades\/lapa\/?p=28353"},"modified":"2024-07-30T18:53:00","modified_gmt":"2024-07-30T21:53:00","slug":"if-baiano-campus-bom-jesus-da-lapa-esta-ofertando-80-vagas-em-cursos-tecnicos-subsequentes-ao-ensino-medio-presenciais","status":"publish","type":"post","link":"https:\/\/www.ifbaiano.edu.br\/unidades\/lapa\/2024\/07\/30\/if-baiano-campus-bom-jesus-da-lapa-esta-ofertando-80-vagas-em-cursos-tecnicos-subsequentes-ao-ensino-medio-presenciais\/","title":{"rendered":"IF Baiano Campus Bom Jesus da Lapa est\u00e1 ofertando 80 vagas em Cursos T\u00e9cnicos Subsequentes ao Ensino M\u00e9dio Presenciais"},"content":{"rendered":"\n<p>O IF Baiano Campus Bom Jesus da Lapa est\u00e1 ofertando 80 vagas em Cursos T\u00e9cnicos Subsequentes ao Ensino M\u00e9dio Presenciais.<\/p>\n\n\n\n<p>Se voc\u00ea concluiu o Ensino M\u00e9dio e deseja ingressar em uma forma\u00e7\u00e3o t\u00e9cnica, esta \u00e9 a chance! As inscri\u00e7\u00f5es estar\u00e3o abertas de 01 a 12 de agosto. Os interessados devem realizar inscri\u00e7\u00e3o online, preenchendo o formul\u00e1rio digital dispon\u00edvel na p\u00e1gina do processo seletivo: https:\/\/www.ifbaiano.edu.br\/unidades\/lapa\/edital-no-30\/. Para os(as) candidatos(as) que n\u00e3o tenham acesso \u00e0 internet, durante o per\u00edodo das inscri\u00e7\u00f5es, ser\u00e1 disponibilizado o seguintes ponto de apoio para inscri\u00e7\u00f5es presenciais: IF Baiano &#8211; Campus Bom Jesus da Lapa de segunda \u00e0 sexta-feira (das 8h \u00e0s 12h e das 14h \u00e0s 16h) . Endere\u00e7o: BR 349, Km 14 &#8211; Zona Rural, Bom Jesus da Lapa.<\/p>\n\n\n\n<p>Confira as op\u00e7\u00f5es de cursos e vagas dispon\u00edveis:<\/p>\n\n\n\n<p>T\u00e9cnico em Agricultura 40 vagas<br>T\u00e9cnico em Inform\u00e1tica &#8211; 40 vagas<\/p>\n\n\n\n<p>Para participar do Processo Seletivo e ingressar em um dos cursos, \u00e9 necess\u00e1rio apresentar a documenta\u00e7\u00e3o exigida conforme o Edital n\u00ba 30, de 26 de julho de 2024, ter conclu\u00eddo o ensino m\u00e9dio at\u00e9 a data da matr\u00edcula. A sele\u00e7\u00e3o \u00e9 feita por meio de procedimento classificat\u00f3rio de manifesta\u00e7\u00e3o de interesse, por ordem de chegada e de inscri\u00e7\u00e3o. S\u00e3o destinadas 50% das vagas para a\u00e7\u00f5es afirmativas( vagas reservadas para estudantes de escola p\u00fablica, pretos, pardos, ind\u00edgenas ou quilombola, pessoa com defici\u00eancia e baixa renda). N\u00e3o perca tempo, pois a sele\u00e7\u00e3o \u00e9 por ordem de chegada!<\/p>\n\n\n\n<p>Para mais detalhes, consulte o edital dispon\u00edvel na p\u00e1gina de acompanhamento do Prosel no site do IF Baiano Campus Bom Jesus da Lapa atrav\u00e9s do link: https:\/\/www.ifbaiano.edu.br\/unidades\/lapa\/edital-no-30\/<br>D\u00favidas? Entre em contato pelo e-mail: prosel.lapa@ifbaiano.edu.br ou WhatsApp: (77) 2102-9545<\/p>\n\n\n\n<figure class=\"wp-block-image size-full\"><img decoding=\"async\" loading=\"lazy\" width=\"1080\" height=\"1080\" src=\"https:\/\/www.ifbaiano.edu.br\/unidades\/lapa\/files\/2024\/07\/WhatsApp-Image-2024-07-30-at-15.36.00.jpeg\" alt=\"\" class=\"wp-image-28345\" \/><\/figure>\n","protected":false},"excerpt":{"rendered":"<p>O IF Baiano Campus Bom Jesus da Lapa est\u00e1 ofertando 80 vagas em Cursos T\u00e9cnicos Subsequentes ao Ensino M\u00e9dio Presenciais. Se voc\u00ea concluiu o Ensino M\u00e9dio e deseja ingressar em uma forma\u00e7\u00e3o t\u00e9cnica, esta \u00e9 a chance! As inscri\u00e7\u00f5es estar\u00e3o abertas de 01 a 12 de agosto. Os interessados devem realizar inscri\u00e7\u00e3o online, preenchendo o [&hellip;]<\/p>\n","protected":false},"author":165,"featured_media":28345,"comment_status":"open","ping_status":"open","sticky":false,"template":"","format":"standard","meta":[],"categories":[115,64,24,73,69],"tags":[],"_links":{"self":[{"href":"https:\/\/www.ifbaiano.edu.br\/unidades\/lapa\/wp-json\/wp\/v2\/posts\/28353"}],"collection":[{"href":"https:\/\/www.ifbaiano.edu.br\/unidades\/lapa\/wp-json\/wp\/v2\/posts"}],"about":[{"href":"https:\/\/www.ifbaiano.edu.br\/unidades\/lapa\/wp-json\/wp\/v2\/types\/post"}],"author":[{"embeddable":true,"href":"https:\/\/www.ifbaiano.edu.br\/unidades\/lapa\/wp-json\/wp\/v2\/users\/165"}],"replies":[{"embeddable":true,"href":"https:\/\/www.ifbaiano.edu.br\/unidades\/lapa\/wp-json\/wp\/v2\/comments?post=28353"}],"version-history":[{"count":1,"href":"https:\/\/www.ifbaiano.edu.br\/unidades\/lapa\/wp-json\/wp\/v2\/posts\/28353\/revisions"}],"predecessor-version":[{"id":28354,"href":"https:\/\/www.ifbaiano.edu.br\/unidades\/lapa\/wp-json\/wp\/v2\/posts\/28353\/revisions\/28354"}],"wp:featuredmedia":[{"embeddable":true,"href":"https:\/\/www.ifbaiano.edu.br\/unidades\/lapa\/wp-json\/wp\/v2\/media\/28345"}],"wp:attachment":[{"href":"https:\/\/www.ifbaiano.edu.br\/unidades\/lapa\/wp-json\/wp\/v2\/media?parent=28353"}],"wp:term":[{"taxonomy":"category","embeddable":true,"href":"https:\/\/www.ifbaiano.edu.br\/unidades\/lapa\/wp-json\/wp\/v2\/categories?post=28353"},{"taxonomy":"post_tag","embeddable":true,"href":"https:\/\/www.ifbaiano.edu.br\/unidades\/lapa\/wp-json\/wp\/v2\/tags?post=28353"}],"curies":[{"name":"wp","href":"https:\/\/api.w.org\/{rel}","templated":true}]}}