{"id":28371,"date":"2024-07-31T17:36:49","date_gmt":"2024-07-31T20:36:49","guid":{"rendered":"https:\/\/www.ifbaiano.edu.br\/unidades\/lapa\/?p=28371"},"modified":"2024-08-12T17:25:27","modified_gmt":"2024-08-12T20:25:27","slug":"campus-bom-jesus-da-lapa-novos-veiculos","status":"publish","type":"post","link":"https:\/\/www.ifbaiano.edu.br\/unidades\/lapa\/2024\/07\/31\/campus-bom-jesus-da-lapa-novos-veiculos\/","title":{"rendered":"Campus Bom Jesus da Lapa recebe novos ve\u00edculos"},"content":{"rendered":"\n<p>\u00c0 Comunidade Acad\u00eamica do Campus Bom Jesus da Lapa,<\/p>\n\n\n\n<p>Comunicamos que o IF Baiano \u2013 Campus Bom Jesus da Lapa recebeu na tarde desta quarta-feira, 31\/7, um ve\u00edculo HB20 Sedan, locado pela reitoria deste IF Baiano e cedido para uso do Campus Bom Jesus da Lapa durante o per\u00edodo de seis meses. Tal a\u00e7\u00e3o visa incentivar os campi a analisarem a viabilidade de manter contrato de loca\u00e7\u00e3o de autom\u00f3veis para o uso institucional.<\/p>\n\n\n\n<p>Informamos tamb\u00e9m que neste m\u00eas de julho\/2024 conseguimos, por interm\u00e9dio do Campus Itaberaba, a doa\u00e7\u00e3o de um ve\u00edculo Fiat L\u00ednea pertencente \u00e0 Pol\u00edcia Rodovi\u00e1ria Federal (PRF). Ap\u00f3s revis\u00e3o e plotagem ficar\u00e1 dispon\u00edvel para as atividades do campus.<\/p>\n\n\n\n<p>Dessa forma, agradecemos a Reitoria do IF Baiano, ao Campus Itaberaba \/ PRF pelo empenho e colabora\u00e7\u00e3o na cess\u00e3o destes ve\u00edculos t\u00e3o importantes e necess\u00e1rios para o desenvolvimento das a\u00e7\u00f5es de pesquisa e extens\u00e3o vinculadas com o ensino.<\/p>\n\n\n\n<figure class=\"wp-block-image size-full\"><img decoding=\"async\" loading=\"lazy\" width=\"720\" height=\"1600\" src=\"https:\/\/www.ifbaiano.edu.br\/unidades\/lapa\/files\/2024\/07\/WhatsApp-Image-2024-07-31-at-16.25.10.jpeg\" alt=\"\" class=\"wp-image-28372\" \/><\/figure>\n\n\n\n<figure class=\"wp-block-image size-full\"><img decoding=\"async\" loading=\"lazy\" width=\"1599\" height=\"899\" src=\"https:\/\/www.ifbaiano.edu.br\/unidades\/lapa\/files\/2024\/07\/WhatsApp-Image-2024-07-31-at-16.25.10-1.jpeg\" alt=\"\" class=\"wp-image-28373\" \/><\/figure>\n","protected":false},"excerpt":{"rendered":"<p>\u00c0 Comunidade Acad\u00eamica do Campus Bom Jesus da Lapa, Comunicamos que o IF Baiano \u2013 Campus Bom Jesus da Lapa recebeu na tarde desta quarta-feira, 31\/7, um ve\u00edculo HB20 Sedan, locado pela reitoria deste IF Baiano e cedido para uso do Campus Bom Jesus da Lapa durante o per\u00edodo de seis meses. Tal a\u00e7\u00e3o visa [&hellip;]<\/p>\n","protected":false},"author":165,"featured_media":0,"comment_status":"open","ping_status":"open","sticky":false,"template":"","format":"standard","meta":[],"categories":[115,64,24,65],"tags":[],"_links":{"self":[{"href":"https:\/\/www.ifbaiano.edu.br\/unidades\/lapa\/wp-json\/wp\/v2\/posts\/28371"}],"collection":[{"href":"https:\/\/www.ifbaiano.edu.br\/unidades\/lapa\/wp-json\/wp\/v2\/posts"}],"about":[{"href":"https:\/\/www.ifbaiano.edu.br\/unidades\/lapa\/wp-json\/wp\/v2\/types\/post"}],"author":[{"embeddable":true,"href":"https:\/\/www.ifbaiano.edu.br\/unidades\/lapa\/wp-json\/wp\/v2\/users\/165"}],"replies":[{"embeddable":true,"href":"https:\/\/www.ifbaiano.edu.br\/unidades\/lapa\/wp-json\/wp\/v2\/comments?post=28371"}],"version-history":[{"count":3,"href":"https:\/\/www.ifbaiano.edu.br\/unidades\/lapa\/wp-json\/wp\/v2\/posts\/28371\/revisions"}],"predecessor-version":[{"id":28441,"href":"https:\/\/www.ifbaiano.edu.br\/unidades\/lapa\/wp-json\/wp\/v2\/posts\/28371\/revisions\/28441"}],"wp:attachment":[{"href":"https:\/\/www.ifbaiano.edu.br\/unidades\/lapa\/wp-json\/wp\/v2\/media?parent=28371"}],"wp:term":[{"taxonomy":"category","embeddable":true,"href":"https:\/\/www.ifbaiano.edu.br\/unidades\/lapa\/wp-json\/wp\/v2\/categories?post=28371"},{"taxonomy":"post_tag","embeddable":true,"href":"https:\/\/www.ifbaiano.edu.br\/unidades\/lapa\/wp-json\/wp\/v2\/tags?post=28371"}],"curies":[{"name":"wp","href":"https:\/\/api.w.org\/{rel}","templated":true}]}}