{"id":2838,"date":"2014-12-11T09:10:54","date_gmt":"2014-12-11T11:10:54","guid":{"rendered":"http:\/\/www.ifbaiano.edu.br\/unidades\/lapa\/?p=2838"},"modified":"2014-12-11T09:10:54","modified_gmt":"2014-12-11T11:10:54","slug":"chamada-interna-vagas-remanescentes-do","status":"publish","type":"post","link":"https:\/\/www.ifbaiano.edu.br\/unidades\/lapa\/2014\/12\/11\/chamada-interna-vagas-remanescentes-do\/","title":{"rendered":"Chamada interna &#8211; vagas remanescentes do"},"content":{"rendered":"<p>O campus Bom Jesus da Lapa comunica que est\u00e1 aberta a CHAMADA INTERNA PARA PROCESSO SELETIVO DE VAGAS REMANESCENTES DO EDITAL 02\/2014 Idiomas sem Fronteiras.<\/p>\n<p><!--more--><br \/>\nO processo seletivo se dar\u00e1 por meio da realiza\u00e7\u00e3o de sorteio p\u00fablico e chamada oral na sala de videoconfer\u00eancia do campus no dia 12 de dezembro de 2014, a partir das 10 horas, com o objetivo de preencher as vagas remanescentes neste processo.<br \/>\nPoder\u00e3o concorrer ao sorteio e preenchimento das vagas remanescentes:<br \/>\na) estudantes regularmente matriculados no IF Baiano;<br \/>\nb) servidores do IF Baiano (docentes e t\u00e9cnicos administrativos);<br \/>\nb) funcion\u00e1rios terceirizados que prestem servi\u00e7o no IF Baiano;<br \/>\nd) estagi\u00e1rios do IF Baiano.<br \/>\nObs.: Os candidatos dever\u00e3o comparecer ao local do processo de preenchimento das vagas remanescentes portando TODA a documenta\u00e7\u00e3o para efetiva\u00e7\u00e3o da matr\u00edcula exigida neste Edital. A n\u00e3o apresenta\u00e7\u00e3o de qualquer dos documentos no momento da confirma\u00e7\u00e3o da vaga ou o indeferimento de qualquer documento pode implicar a perda da vaga.<br \/>\nConfira o edital:\u00a0<a href=\"http:\/\/concurso.ifbaiano.edu.br\/portal\/etecidiomas20141\/wp-content\/uploads\/sites\/14\/2011\/04\/Chamada-Interna.pdf\" target=\"_blank\">http:\/\/concurso.ifbaiano.edu.br\/portal\/etecidiomas20141\/wp-content\/uploads\/sites\/14\/2011\/04\/Chamada-Interna.pdf<\/a><\/p>\n<p>Fonte: Coordena\u00e7\u00e3o EaD<\/p>\n","protected":false},"excerpt":{"rendered":"<p>O campus Bom Jesus da Lapa comunica que est\u00e1 aberta a CHAMADA INTERNA PARA PROCESSO SELETIVO DE VAGAS REMANESCENTES DO EDITAL 02\/2014 Idiomas sem Fronteiras.<\/p>\n","protected":false},"author":36,"featured_media":0,"comment_status":"open","ping_status":"open","sticky":false,"template":"","format":"standard","meta":[],"categories":[41],"tags":[],"_links":{"self":[{"href":"https:\/\/www.ifbaiano.edu.br\/unidades\/lapa\/wp-json\/wp\/v2\/posts\/2838"}],"collection":[{"href":"https:\/\/www.ifbaiano.edu.br\/unidades\/lapa\/wp-json\/wp\/v2\/posts"}],"about":[{"href":"https:\/\/www.ifbaiano.edu.br\/unidades\/lapa\/wp-json\/wp\/v2\/types\/post"}],"author":[{"embeddable":true,"href":"https:\/\/www.ifbaiano.edu.br\/unidades\/lapa\/wp-json\/wp\/v2\/users\/36"}],"replies":[{"embeddable":true,"href":"https:\/\/www.ifbaiano.edu.br\/unidades\/lapa\/wp-json\/wp\/v2\/comments?post=2838"}],"version-history":[{"count":2,"href":"https:\/\/www.ifbaiano.edu.br\/unidades\/lapa\/wp-json\/wp\/v2\/posts\/2838\/revisions"}],"predecessor-version":[{"id":2840,"href":"https:\/\/www.ifbaiano.edu.br\/unidades\/lapa\/wp-json\/wp\/v2\/posts\/2838\/revisions\/2840"}],"wp:attachment":[{"href":"https:\/\/www.ifbaiano.edu.br\/unidades\/lapa\/wp-json\/wp\/v2\/media?parent=2838"}],"wp:term":[{"taxonomy":"category","embeddable":true,"href":"https:\/\/www.ifbaiano.edu.br\/unidades\/lapa\/wp-json\/wp\/v2\/categories?post=2838"},{"taxonomy":"post_tag","embeddable":true,"href":"https:\/\/www.ifbaiano.edu.br\/unidades\/lapa\/wp-json\/wp\/v2\/tags?post=2838"}],"curies":[{"name":"wp","href":"https:\/\/api.w.org\/{rel}","templated":true}]}}