{"id":28398,"date":"2024-08-02T11:18:31","date_gmt":"2024-08-02T14:18:31","guid":{"rendered":"https:\/\/www.ifbaiano.edu.br\/unidades\/lapa\/?p=28398"},"modified":"2024-08-02T11:18:31","modified_gmt":"2024-08-02T14:18:31","slug":"informamos-que-o-periodo-de-submissao-de-trabalhos-no-iii-congresso-de-ensino-pesquisa-e-extensao-do-if-baiano-iii-cepex-comecou","status":"publish","type":"post","link":"https:\/\/www.ifbaiano.edu.br\/unidades\/lapa\/2024\/08\/02\/informamos-que-o-periodo-de-submissao-de-trabalhos-no-iii-congresso-de-ensino-pesquisa-e-extensao-do-if-baiano-iii-cepex-comecou\/","title":{"rendered":"Informamos que o per\u00edodo de submiss\u00e3o de trabalhos no III Congresso de Ensino, Pesquisa e Extens\u00e3o do IF Baiano &#8211; III CEPEX come\u00e7ou!"},"content":{"rendered":"\n<p>Informamos que o per\u00edodo de submiss\u00e3o de trabalhos no III Congresso de Ensino, Pesquisa e Extens\u00e3o do IF Baiano &#8211; IIICEPEX come\u00e7ou!<\/p>\n\n\n\n<p>A vig\u00eancia para submiss\u00e3o de trabalhos ser\u00e1 entre os dias 01\/08 e 04\/09. Maiores informa\u00e7\u00f5es podem ser obtidas nos links a seguir.<\/p>\n\n\n\n<p>Link Geral &#8211; Site do III CEPEX<br><a href=\"https:\/\/eventos.ifbaiano.edu.br\/portal\/congresso\/\">https:\/\/eventos.ifbaiano.edu.br\/portal\/congresso\/<\/a><\/p>\n\n\n\n<p>Link para Inscri\u00e7\u00e3o no III CEPEX<br><a href=\"https:\/\/suap.ifbaiano.edu.br\/eventos\/inscricao\/1704\/\">https:\/\/suap.ifbaiano.edu.br\/eventos\/inscricao\/1704\/<\/a><\/p>\n\n\n\n<p>Link para Submiss\u00e3o de Trabalhos<br><a href=\"https:\/\/suap.ifbaiano.edu.br\/eventos\/submissao\/1704\/submeter_trabalho\/1\/\">https:\/\/suap.ifbaiano.edu.br\/eventos\/submissao\/1704\/submeter_trabalho\/1\/<\/a><\/p>\n\n\n\n<p>Orienta\u00e7\u00f5es Gerais do III CEPEX<br><a href=\"https:\/\/eventos.ifbaiano.edu.br\/portal\/congresso\/files\/2024\/08\/Orientacoes-Gerais-III-CEPEX-final.pdf\">https:\/\/eventos.ifbaiano.edu.br\/portal\/congresso\/files\/2024\/08\/Orientacoes-Gerais-III-CEPEX-final.pdf<\/a><\/p>\n\n\n\n<figure class=\"wp-block-image size-full\"><img decoding=\"async\" loading=\"lazy\" width=\"953\" height=\"931\" src=\"https:\/\/www.ifbaiano.edu.br\/unidades\/lapa\/files\/2024\/08\/WhatsApp-Image-2024-08-02-at-10.04.34.jpeg\" alt=\"\" class=\"wp-image-28399\" \/><\/figure>\n","protected":false},"excerpt":{"rendered":"<p>Informamos que o per\u00edodo de submiss\u00e3o de trabalhos no III Congresso de Ensino, Pesquisa e Extens\u00e3o do IF Baiano &#8211; IIICEPEX come\u00e7ou! A vig\u00eancia para submiss\u00e3o de trabalhos ser\u00e1 entre os dias 01\/08 e 04\/09. Maiores informa\u00e7\u00f5es podem ser obtidas nos links a seguir. Link Geral &#8211; Site do III CEPEXhttps:\/\/eventos.ifbaiano.edu.br\/portal\/congresso\/ Link para Inscri\u00e7\u00e3o no [&hellip;]<\/p>\n","protected":false},"author":165,"featured_media":28399,"comment_status":"open","ping_status":"open","sticky":false,"template":"","format":"standard","meta":[],"categories":[64,24,40,65],"tags":[],"_links":{"self":[{"href":"https:\/\/www.ifbaiano.edu.br\/unidades\/lapa\/wp-json\/wp\/v2\/posts\/28398"}],"collection":[{"href":"https:\/\/www.ifbaiano.edu.br\/unidades\/lapa\/wp-json\/wp\/v2\/posts"}],"about":[{"href":"https:\/\/www.ifbaiano.edu.br\/unidades\/lapa\/wp-json\/wp\/v2\/types\/post"}],"author":[{"embeddable":true,"href":"https:\/\/www.ifbaiano.edu.br\/unidades\/lapa\/wp-json\/wp\/v2\/users\/165"}],"replies":[{"embeddable":true,"href":"https:\/\/www.ifbaiano.edu.br\/unidades\/lapa\/wp-json\/wp\/v2\/comments?post=28398"}],"version-history":[{"count":2,"href":"https:\/\/www.ifbaiano.edu.br\/unidades\/lapa\/wp-json\/wp\/v2\/posts\/28398\/revisions"}],"predecessor-version":[{"id":28401,"href":"https:\/\/www.ifbaiano.edu.br\/unidades\/lapa\/wp-json\/wp\/v2\/posts\/28398\/revisions\/28401"}],"wp:featuredmedia":[{"embeddable":true,"href":"https:\/\/www.ifbaiano.edu.br\/unidades\/lapa\/wp-json\/wp\/v2\/media\/28399"}],"wp:attachment":[{"href":"https:\/\/www.ifbaiano.edu.br\/unidades\/lapa\/wp-json\/wp\/v2\/media?parent=28398"}],"wp:term":[{"taxonomy":"category","embeddable":true,"href":"https:\/\/www.ifbaiano.edu.br\/unidades\/lapa\/wp-json\/wp\/v2\/categories?post=28398"},{"taxonomy":"post_tag","embeddable":true,"href":"https:\/\/www.ifbaiano.edu.br\/unidades\/lapa\/wp-json\/wp\/v2\/tags?post=28398"}],"curies":[{"name":"wp","href":"https:\/\/api.w.org\/{rel}","templated":true}]}}