{"id":28424,"date":"2024-08-12T08:50:23","date_gmt":"2024-08-12T11:50:23","guid":{"rendered":"https:\/\/www.ifbaiano.edu.br\/unidades\/lapa\/?p=28424"},"modified":"2024-08-12T08:51:05","modified_gmt":"2024-08-12T11:51:05","slug":"inscricoes-abertas-para-o-projeto-de-extensao-letramento-digital-na-melhor-idade","status":"publish","type":"post","link":"https:\/\/www.ifbaiano.edu.br\/unidades\/lapa\/2024\/08\/12\/inscricoes-abertas-para-o-projeto-de-extensao-letramento-digital-na-melhor-idade\/","title":{"rendered":"Inscri\u00e7\u00f5es abertas para o projeto de extens\u00e3o &#8220;Letramento Digital na Melhor Idade&#8221;"},"content":{"rendered":"\n<p>Est\u00e3o abertas as inscri\u00e7\u00f5es para o projeto de extens\u00e3o &#8220;Letramento Digital na Melhor Idade&#8221;, que ocorrer\u00e1 de 16 a 30 de agosto de 2024, \u00e0s sextas-feiras, no turno vespertino, no IF Baiano \u2013 Campus Bom Jesus da Lapa. O projeto tem como objetivo capacitar mulheres campesinas associadas de Serra do Ramalho e Bom Jesus da Lapa-BA no uso de ferramentas tecnol\u00f3gicas. Esta iniciativa visa melhorar sua inser\u00e7\u00e3o no mercado de trabalho e ampliar sua participa\u00e7\u00e3o na sociedade digital, fortalecendo as pr\u00e1ticas desenvolvidas em suas associa\u00e7\u00f5es e empreendimentos.<\/p>\n\n\n\n<p>O curso ser\u00e1 ministrado no laborat\u00f3rio de inform\u00e1tica do Campus, com inscri\u00e7\u00f5es abertas de 5 a 9 de agosto de 2024, atrav\u00e9s do preenchimento de um formul\u00e1rio digital.<\/p>\n\n\n\n<p>Este projeto \u00e9 uma oportunidade para as participantes desenvolverem compet\u00eancias essenciais em inform\u00e1tica, promovendo assim o empoderamento e a autonomia na era digital.<\/p>\n\n\n\n<p>Link de inscri\u00e7\u00f5es: <a href=\"https:\/\/suap.ifbaiano.edu.br\/eventos\/inscricao\/1701\/\">https:\/\/suap.ifbaiano.edu.br\/eventos\/inscricao\/1701\/<\/a><\/p>\n\n\n\n<figure class=\"wp-block-image size-full\"><img decoding=\"async\" loading=\"lazy\" width=\"1080\" height=\"1080\" src=\"https:\/\/www.ifbaiano.edu.br\/unidades\/lapa\/files\/2024\/08\/WhatsApp-Image-2024-08-12-at-08.26.59.jpeg\" alt=\"\" class=\"wp-image-28425\" \/><\/figure>\n","protected":false},"excerpt":{"rendered":"<p>Est\u00e3o abertas as inscri\u00e7\u00f5es para o projeto de extens\u00e3o &#8220;Letramento Digital na Melhor Idade&#8221;, que ocorrer\u00e1 de 16 a 30 de agosto de 2024, \u00e0s sextas-feiras, no turno vespertino, no IF Baiano \u2013 Campus Bom Jesus da Lapa. O projeto tem como objetivo capacitar mulheres campesinas associadas de Serra do Ramalho e Bom Jesus da [&hellip;]<\/p>\n","protected":false},"author":165,"featured_media":28425,"comment_status":"open","ping_status":"open","sticky":false,"template":"","format":"standard","meta":[],"categories":[115,64,40,65],"tags":[],"_links":{"self":[{"href":"https:\/\/www.ifbaiano.edu.br\/unidades\/lapa\/wp-json\/wp\/v2\/posts\/28424"}],"collection":[{"href":"https:\/\/www.ifbaiano.edu.br\/unidades\/lapa\/wp-json\/wp\/v2\/posts"}],"about":[{"href":"https:\/\/www.ifbaiano.edu.br\/unidades\/lapa\/wp-json\/wp\/v2\/types\/post"}],"author":[{"embeddable":true,"href":"https:\/\/www.ifbaiano.edu.br\/unidades\/lapa\/wp-json\/wp\/v2\/users\/165"}],"replies":[{"embeddable":true,"href":"https:\/\/www.ifbaiano.edu.br\/unidades\/lapa\/wp-json\/wp\/v2\/comments?post=28424"}],"version-history":[{"count":2,"href":"https:\/\/www.ifbaiano.edu.br\/unidades\/lapa\/wp-json\/wp\/v2\/posts\/28424\/revisions"}],"predecessor-version":[{"id":28427,"href":"https:\/\/www.ifbaiano.edu.br\/unidades\/lapa\/wp-json\/wp\/v2\/posts\/28424\/revisions\/28427"}],"wp:featuredmedia":[{"embeddable":true,"href":"https:\/\/www.ifbaiano.edu.br\/unidades\/lapa\/wp-json\/wp\/v2\/media\/28425"}],"wp:attachment":[{"href":"https:\/\/www.ifbaiano.edu.br\/unidades\/lapa\/wp-json\/wp\/v2\/media?parent=28424"}],"wp:term":[{"taxonomy":"category","embeddable":true,"href":"https:\/\/www.ifbaiano.edu.br\/unidades\/lapa\/wp-json\/wp\/v2\/categories?post=28424"},{"taxonomy":"post_tag","embeddable":true,"href":"https:\/\/www.ifbaiano.edu.br\/unidades\/lapa\/wp-json\/wp\/v2\/tags?post=28424"}],"curies":[{"name":"wp","href":"https:\/\/api.w.org\/{rel}","templated":true}]}}