{"id":28428,"date":"2024-08-12T10:23:28","date_gmt":"2024-08-12T13:23:28","guid":{"rendered":"https:\/\/www.ifbaiano.edu.br\/unidades\/lapa\/?p=28428"},"modified":"2024-08-12T10:23:43","modified_gmt":"2024-08-12T13:23:43","slug":"o-nucleo-de-atendimento-as-pessoas-com-necessidades-educacionais-especificas-napne-do-if-baiano-campus-bom-jesus-da-lapa-organiza-o-vi-simposio-sobre-educacao-inclusiva-do-territorio-velho-chico","status":"publish","type":"post","link":"https:\/\/www.ifbaiano.edu.br\/unidades\/lapa\/2024\/08\/12\/o-nucleo-de-atendimento-as-pessoas-com-necessidades-educacionais-especificas-napne-do-if-baiano-campus-bom-jesus-da-lapa-organiza-o-vi-simposio-sobre-educacao-inclusiva-do-territorio-velho-chico\/","title":{"rendered":"O N\u00facleo de Atendimento \u00e0s Pessoas com Necessidades Educacionais Espec\u00edficas (Napne) do IF Baiano Campus Bom Jesus da Lapa organiza o VI Simp\u00f3sio sobre Educa\u00e7\u00e3o Inclusiva do Territ\u00f3rio Velho Chico."},"content":{"rendered":"\n<p>O N\u00facleo de Atendimento \u00e0s Pessoas com Necessidades Educacionais Espec\u00edficas (Napne) do IF Baiano Campus Bom Jesus da Lapa est\u00e1 organizando o VI Simp\u00f3sio sobre Educa\u00e7\u00e3o Inclusiva do Territ\u00f3rio Velho Chico. O objetivo do evento \u00e9 criar um espa\u00e7o para a forma\u00e7\u00e3o sobre a inclus\u00e3o de pessoas com defici\u00eancia, transtornos e\/ou altas habilidades e superdota\u00e7\u00e3o. Para isso, ser\u00e3o oferecidas palestras, debates, relatos de experi\u00eancias e sess\u00f5es de HOT SEAT(Estudo de caso), todos focados no tema central: \u201cInser\u00e7\u00e3o das Pessoas com Defici\u00eancia no Mundo do Trabalho: Do Direito \u00e0 Efetiva Participa\u00e7\u00e3o.\u201d<br>O simp\u00f3sio buscar\u00e1 superar desafios hist\u00f3ricos e atuais, discutindo tanto quest\u00f5es te\u00f3ricas quanto pr\u00e1ticas, com a meta de refletir e aprimorar pr\u00e1ticas que promovam a inclus\u00e3o, acessibilidade e a efetiva participa\u00e7\u00e3o das pessoas com defici\u00eancia no mundo do trabalho e na sociedade. O evento \u00e9 gratuito e acontecer\u00e1 presencialmente nos dias 11 at\u00e9 13 de setembro.<br>Para se inscrever, acesse o link: <a href=\"https:\/\/suap.ifbaiano.edu.br\/eventos\/inscricao\/1751\/\">https:\/\/suap.ifbaiano.edu.br\/eventos\/inscricao\/1751\/<\/a><\/p>\n\n\n\n<p>Esperamos contar com sua participa\u00e7\u00e3o!<\/p>\n\n\n\n<p>Mais informa\u00e7\u00f5es:<br>E-mail: napne@lapa.ifbaiano.edu.br<\/p>\n\n\n\n<figure class=\"wp-block-image size-full\"><img decoding=\"async\" loading=\"lazy\" width=\"1200\" height=\"1600\" src=\"https:\/\/www.ifbaiano.edu.br\/unidades\/lapa\/files\/2024\/08\/WhatsApp-Image-2024-08-12-at-09.17.00.jpeg\" alt=\"\" class=\"wp-image-28429\" \/><\/figure>\n\n\n\n<p>DESCRI\u00c7\u00c3O IMAGEM 1:<br>\n<p>\n#paracegover<br>\nCard em formato retangular, de fundo verde. Na parte superior a esquerda, um quadrado branco contendo o s\u00edmbolo colorido do N\u00facleo de Atendimento \u00e0s Pessoas com Necessidades Espec\u00edficas &#8211; NAPNE. \u00c0 direita do quadrado, frase escrita em letras brancas: SIMP\u00d3SIO SOBRE.\nNo centro, \u00e0 esquerda, frase em letras brancas: EDUCA\u00c7\u00c3O INCLUSIVA. \u00c0 direita, quadrado branco contendo o s\u00edmbolo de acessibilidade.\nNa parte inferior, \u00e0 esquerda, quadrado branco contendo a imagem do Territ\u00f3rio de Identidade do Velho Chico. \u00c0 direita, frase escrita em letras brancas: DO TERRIT\u00d3RIO VELHO CHICO. No rodap\u00e9, no canto direito, logomarca do IF Baiano \u2013 Campus Bom Jesus da Lapa. \nFim da descri\u00e7\u00e3o.<\/p>\n\n\n\n<figure class=\"wp-block-image size-full\"><img decoding=\"async\" loading=\"lazy\" width=\"1080\" height=\"1350\" src=\"https:\/\/www.ifbaiano.edu.br\/unidades\/lapa\/files\/2024\/08\/WhatsApp-Image-2024-08-12-at-09.17.26.jpeg\" alt=\"\" class=\"wp-image-28430\" \/><\/figure>\n\n\n\n<p>DESCRI\u00c7\u00c3O IMAGEM 2:<br>\n<p>\n#paracegover<br>\nCard em formato retangular, de fundo verde. Na parte superior, centralizado, t\u00edtulo em letras grandes na cor branca: \u201cVI SIMP\u00d3SIO\u201d. Logo a baixo subt\u00edtulo em caixa alta e tamb\u00e9m na cor branca: \u201cSOBRE EDUCA\u00c7\u00c3O INCLUSIVA DO TERRIT\u00d3RIO VELHO CHICO\u201d\nNo centro, Tema escrito em letras brancas: \u201cInser\u00e7\u00e3o das pessoas com defici\u00eancia no mundo do trabalho: do direito \u00e0 efetiva participa\u00e7\u00e3o\u201d. Logo abaixo, informa\u00e7\u00f5es de datas e locais em letras brancas e verdes: \u201c11 de setembro Col\u00e9gio S\u00e3o Vicente, 12 e 13 de setembro IF Baiano \u2013 Campus Lapa; Bom Jesus da Lapa \u2013 BA\u201d.\nNa parte inferior \u00e0 esquerda, abaixo da palavra REALIZA\u00c7\u00c3O: s\u00edmbolo colorido do N\u00facleo de Atendimento \u00e0s Pessoas com Necessidades Espec\u00edficas \u2013 NAPNE e logomarca do IF Baiano \u2013 Campus Bom Jesus da Lapa. \u00c0 direita, abaixo da palavra APOIO: logomarca da Secretaria do Trabalho, Emprego, Renda e Esporte do Governo do Estado da Bahia. \nFim da descri\u00e7\u00e3o.<\/p>\n","protected":false},"excerpt":{"rendered":"<p>O N\u00facleo de Atendimento \u00e0s Pessoas com Necessidades Educacionais Espec\u00edficas (Napne) do IF Baiano Campus Bom Jesus da Lapa est\u00e1 organizando o VI Simp\u00f3sio sobre Educa\u00e7\u00e3o Inclusiva do Territ\u00f3rio Velho Chico. O objetivo do evento \u00e9 criar um espa\u00e7o para a forma\u00e7\u00e3o sobre a inclus\u00e3o de pessoas com defici\u00eancia, transtornos e\/ou altas habilidades e superdota\u00e7\u00e3o. [&hellip;]<\/p>\n","protected":false},"author":165,"featured_media":28429,"comment_status":"open","ping_status":"open","sticky":false,"template":"","format":"standard","meta":[],"categories":[115,64,40,65],"tags":[],"_links":{"self":[{"href":"https:\/\/www.ifbaiano.edu.br\/unidades\/lapa\/wp-json\/wp\/v2\/posts\/28428"}],"collection":[{"href":"https:\/\/www.ifbaiano.edu.br\/unidades\/lapa\/wp-json\/wp\/v2\/posts"}],"about":[{"href":"https:\/\/www.ifbaiano.edu.br\/unidades\/lapa\/wp-json\/wp\/v2\/types\/post"}],"author":[{"embeddable":true,"href":"https:\/\/www.ifbaiano.edu.br\/unidades\/lapa\/wp-json\/wp\/v2\/users\/165"}],"replies":[{"embeddable":true,"href":"https:\/\/www.ifbaiano.edu.br\/unidades\/lapa\/wp-json\/wp\/v2\/comments?post=28428"}],"version-history":[{"count":6,"href":"https:\/\/www.ifbaiano.edu.br\/unidades\/lapa\/wp-json\/wp\/v2\/posts\/28428\/revisions"}],"predecessor-version":[{"id":28436,"href":"https:\/\/www.ifbaiano.edu.br\/unidades\/lapa\/wp-json\/wp\/v2\/posts\/28428\/revisions\/28436"}],"wp:featuredmedia":[{"embeddable":true,"href":"https:\/\/www.ifbaiano.edu.br\/unidades\/lapa\/wp-json\/wp\/v2\/media\/28429"}],"wp:attachment":[{"href":"https:\/\/www.ifbaiano.edu.br\/unidades\/lapa\/wp-json\/wp\/v2\/media?parent=28428"}],"wp:term":[{"taxonomy":"category","embeddable":true,"href":"https:\/\/www.ifbaiano.edu.br\/unidades\/lapa\/wp-json\/wp\/v2\/categories?post=28428"},{"taxonomy":"post_tag","embeddable":true,"href":"https:\/\/www.ifbaiano.edu.br\/unidades\/lapa\/wp-json\/wp\/v2\/tags?post=28428"}],"curies":[{"name":"wp","href":"https:\/\/api.w.org\/{rel}","templated":true}]}}