{"id":28506,"date":"2024-08-20T18:01:57","date_gmt":"2024-08-20T21:01:57","guid":{"rendered":"https:\/\/www.ifbaiano.edu.br\/unidades\/lapa\/?p=28506"},"modified":"2024-08-20T18:01:57","modified_gmt":"2024-08-20T21:01:57","slug":"programacao-do-vi-simposio-sobre-educacao-inclusiva-do-territorio-velho-chico","status":"publish","type":"post","link":"https:\/\/www.ifbaiano.edu.br\/unidades\/lapa\/2024\/08\/20\/programacao-do-vi-simposio-sobre-educacao-inclusiva-do-territorio-velho-chico\/","title":{"rendered":"PROGRAMA\u00c7\u00c3O DO VI SIMP\u00d3SIO SOBRE EDUCA\u00c7\u00c3O INCLUSIVA DO TERRIT\u00d3RIO VELHO CHICO"},"content":{"rendered":"\n<p> \nCONFIRAM A PROGRAMA\u00c7\u00c3O DO VI SIMP\u00d3SIO SOBRE EDUCA\u00c7\u00c3O INCLUSIVA DO TERRIT\u00d3RIO VELHO CHICO. <br> <br>\n\n<b>11 DE SETEMBRO:<b \/> <br> <br>\n\nLocal: Audit\u00f3rio do Col\u00e9gio S\u00e3o Vicente de Paulo \u2013 Bom Jesus da Lapa<br> <br>      \n \n19h Abertura<br>\n\nMesa de Debate: <br>\nTema: Inser\u00e7\u00e3o das Pessoas com Defici\u00eancia no Mundo do Trabalho: Do Direito \u00e0 Efetiva Participa\u00e7\u00e3o \nConvidados: Fernando Gaburi \u2013 Promotor de Justi\u00e7a do Estado da Bahia \u2013 4\u00aa Promotoria de Dias d\u2019\u00c1vila \u2013 BA e Janine Pichite \u2013 Advogada e Coordenadora do Curso de Direito da Faculdade Pit\u00e1goras de Bom Jesus da Lapa\nMedia\u00e7\u00e3o: Junio Batista \u2013 Servidor do IF Baiano \u2013 Campus Lapa <br> <br>\n<b>12 DE SETEMBRO:<b \/><br> <br>\n\nManh\u00e3:\n08h00 Mesa de Debate:\nTema: A Efetiva Participa\u00e7\u00e3o das Pessoas com Defici\u00eancia no Mundo do Trabalho\nConvidados: Pessoas com defici\u00eancia que trabalham em Institui\u00e7\u00f5es p\u00fablicas e Privadas \nMedia\u00e7\u00e3o: Jorge Abdon \u2013 Servidor do IF Baiano \u2013 Campus Lapa <br>\n\nTarde: \n14h \u00e0s 16h Sess\u00f5es Hot Seat  \nSala 1: Tradu\u00e7\u00e3o e interpreta\u00e7\u00e3o em Libras de m\u00fasicas;\nSala 2: Inclus\u00e3o de pessoa com defici\u00eancia visual no contexto escolar\nSala 3: Inclus\u00e3o de pessoa com Transtorno de D\u00e9ficit de Aten\u00e7\u00e3o e Hiperatividade \u2013 TDAH em sala aula\nSala 4: Atua\u00e7\u00e3o do Profissional de Apoio no contexto escolar <br> <br>\n<b>13 DE SETEMBRO<\/b><br> <br>\n\n08h Mesa com Relatos de Experi\u00eancias com Munic\u00edpios do Territ\u00f3rio Velho Chico<br> \n\nParticipa\u00e7\u00e3o: Munic\u00edpio de Barra, Bom Jesus da Lapa e Riacho de Santana.<br> <br>\n<\/p>\n\n\n\n<p>Inscri\u00e7\u00f5es: <a href=\"https:\/\/suap.ifbaiano.edu.br\/eventos\/inscricao\/1751\/\">https:\/\/suap.ifbaiano.edu.br\/eventos\/inscricao\/1751\/<\/a><\/p>\n\n\n\n<figure class=\"wp-block-image size-full\"><img decoding=\"async\" loading=\"lazy\" width=\"1080\" height=\"1350\" src=\"https:\/\/www.ifbaiano.edu.br\/unidades\/lapa\/files\/2024\/08\/WhatsApp-Image-2024-08-20-at-16.53.33-2.jpeg\" alt=\"\" class=\"wp-image-28509\" \/><\/figure>\n\n\n\n<figure class=\"wp-block-image size-full\"><img decoding=\"async\" loading=\"lazy\" width=\"1080\" height=\"1350\" src=\"https:\/\/www.ifbaiano.edu.br\/unidades\/lapa\/files\/2024\/08\/WhatsApp-Image-2024-08-20-at-16.53.33-1.jpeg\" alt=\"\" class=\"wp-image-28508\" \/><\/figure>\n\n\n\n<figure class=\"wp-block-image size-full\"><img decoding=\"async\" loading=\"lazy\" width=\"1080\" height=\"1350\" src=\"https:\/\/www.ifbaiano.edu.br\/unidades\/lapa\/files\/2024\/08\/WhatsApp-Image-2024-08-20-at-16.53.33.jpeg\" alt=\"\" class=\"wp-image-28507\" \/><\/figure>\n","protected":false},"excerpt":{"rendered":"<p>CONFIRAM A PROGRAMA\u00c7\u00c3O DO VI SIMP\u00d3SIO SOBRE EDUCA\u00c7\u00c3O INCLUSIVA DO TERRIT\u00d3RIO VELHO CHICO. 11 DE SETEMBRO: Local: Audit\u00f3rio do Col\u00e9gio S\u00e3o Vicente de Paulo \u2013 Bom Jesus da Lapa 19h Abertura Mesa de Debate: Tema: Inser\u00e7\u00e3o das Pessoas com Defici\u00eancia no Mundo do Trabalho: Do Direito \u00e0 Efetiva Participa\u00e7\u00e3o Convidados: Fernando Gaburi \u2013 Promotor de [&hellip;]<\/p>\n","protected":false},"author":165,"featured_media":0,"comment_status":"open","ping_status":"open","sticky":false,"template":"","format":"standard","meta":[],"categories":[115,64,24,65],"tags":[],"_links":{"self":[{"href":"https:\/\/www.ifbaiano.edu.br\/unidades\/lapa\/wp-json\/wp\/v2\/posts\/28506"}],"collection":[{"href":"https:\/\/www.ifbaiano.edu.br\/unidades\/lapa\/wp-json\/wp\/v2\/posts"}],"about":[{"href":"https:\/\/www.ifbaiano.edu.br\/unidades\/lapa\/wp-json\/wp\/v2\/types\/post"}],"author":[{"embeddable":true,"href":"https:\/\/www.ifbaiano.edu.br\/unidades\/lapa\/wp-json\/wp\/v2\/users\/165"}],"replies":[{"embeddable":true,"href":"https:\/\/www.ifbaiano.edu.br\/unidades\/lapa\/wp-json\/wp\/v2\/comments?post=28506"}],"version-history":[{"count":12,"href":"https:\/\/www.ifbaiano.edu.br\/unidades\/lapa\/wp-json\/wp\/v2\/posts\/28506\/revisions"}],"predecessor-version":[{"id":28521,"href":"https:\/\/www.ifbaiano.edu.br\/unidades\/lapa\/wp-json\/wp\/v2\/posts\/28506\/revisions\/28521"}],"wp:attachment":[{"href":"https:\/\/www.ifbaiano.edu.br\/unidades\/lapa\/wp-json\/wp\/v2\/media?parent=28506"}],"wp:term":[{"taxonomy":"category","embeddable":true,"href":"https:\/\/www.ifbaiano.edu.br\/unidades\/lapa\/wp-json\/wp\/v2\/categories?post=28506"},{"taxonomy":"post_tag","embeddable":true,"href":"https:\/\/www.ifbaiano.edu.br\/unidades\/lapa\/wp-json\/wp\/v2\/tags?post=28506"}],"curies":[{"name":"wp","href":"https:\/\/api.w.org\/{rel}","templated":true}]}}