{"id":28564,"date":"2024-08-29T14:07:47","date_gmt":"2024-08-29T17:07:47","guid":{"rendered":"https:\/\/www.ifbaiano.edu.br\/unidades\/lapa\/?p=28564"},"modified":"2024-08-29T14:07:48","modified_gmt":"2024-08-29T17:07:48","slug":"inscricoes-prorrogadas-para-o-curso-superior-de-gestao-da-tecnologia-da-informacao","status":"publish","type":"post","link":"https:\/\/www.ifbaiano.edu.br\/unidades\/lapa\/2024\/08\/29\/inscricoes-prorrogadas-para-o-curso-superior-de-gestao-da-tecnologia-da-informacao\/","title":{"rendered":"Inscri\u00e7\u00f5es prorrogadas para o curso superior de Gest\u00e3o da Tecnologia da Informa\u00e7\u00e3o"},"content":{"rendered":"\n<figure class=\"wp-block-image size-full\"><img decoding=\"async\" loading=\"lazy\" width=\"1080\" height=\"1080\" src=\"https:\/\/www.ifbaiano.edu.br\/unidades\/lapa\/files\/2024\/08\/WhatsApp-Image-2024-08-28-at-12.35.59.jpeg\" alt=\"\" class=\"wp-image-28565\" \/><\/figure>\n\n\n\n<p>Inscri\u00e7\u00f5es prorrogadas para o curso superior de Gest\u00e3o da Tecnologia da Informa\u00e7\u00e3o. N\u00e3o perca tempo, as inscri\u00e7\u00f5es se encerram \u00e0s 23h59 do dia 29\/08\/2024 (Amanh\u00e3). Para se inscrever, os candidatos devem possuir ensino m\u00e9dio completo e terem realizado uma das 5 \u00faltimas edi\u00e7\u00f5es do ENEM. As inscri\u00e7\u00f5es s\u00e3o online e podem ser feitas no seguinte link: <a href=\"https:\/\/opinanovo.ifbaiano.edu.br\/index.php\/693397?lang=pt-BR\">https:\/\/opinanovo.ifbaiano.edu.br\/index.php\/693397?lang=pt-BR<\/a><\/p>\n","protected":false},"excerpt":{"rendered":"<p>Inscri\u00e7\u00f5es prorrogadas para o curso superior de Gest\u00e3o da Tecnologia da Informa\u00e7\u00e3o. N\u00e3o perca tempo, as inscri\u00e7\u00f5es se encerram \u00e0s 23h59 do dia 29\/08\/2024 (Amanh\u00e3). Para se inscrever, os candidatos devem possuir ensino m\u00e9dio completo e terem realizado uma das 5 \u00faltimas edi\u00e7\u00f5es do ENEM. As inscri\u00e7\u00f5es s\u00e3o online e podem ser feitas no seguinte [&hellip;]<\/p>\n","protected":false},"author":165,"featured_media":28565,"comment_status":"open","ping_status":"open","sticky":false,"template":"","format":"standard","meta":[],"categories":[64,24,73,65],"tags":[],"_links":{"self":[{"href":"https:\/\/www.ifbaiano.edu.br\/unidades\/lapa\/wp-json\/wp\/v2\/posts\/28564"}],"collection":[{"href":"https:\/\/www.ifbaiano.edu.br\/unidades\/lapa\/wp-json\/wp\/v2\/posts"}],"about":[{"href":"https:\/\/www.ifbaiano.edu.br\/unidades\/lapa\/wp-json\/wp\/v2\/types\/post"}],"author":[{"embeddable":true,"href":"https:\/\/www.ifbaiano.edu.br\/unidades\/lapa\/wp-json\/wp\/v2\/users\/165"}],"replies":[{"embeddable":true,"href":"https:\/\/www.ifbaiano.edu.br\/unidades\/lapa\/wp-json\/wp\/v2\/comments?post=28564"}],"version-history":[{"count":1,"href":"https:\/\/www.ifbaiano.edu.br\/unidades\/lapa\/wp-json\/wp\/v2\/posts\/28564\/revisions"}],"predecessor-version":[{"id":28566,"href":"https:\/\/www.ifbaiano.edu.br\/unidades\/lapa\/wp-json\/wp\/v2\/posts\/28564\/revisions\/28566"}],"wp:featuredmedia":[{"embeddable":true,"href":"https:\/\/www.ifbaiano.edu.br\/unidades\/lapa\/wp-json\/wp\/v2\/media\/28565"}],"wp:attachment":[{"href":"https:\/\/www.ifbaiano.edu.br\/unidades\/lapa\/wp-json\/wp\/v2\/media?parent=28564"}],"wp:term":[{"taxonomy":"category","embeddable":true,"href":"https:\/\/www.ifbaiano.edu.br\/unidades\/lapa\/wp-json\/wp\/v2\/categories?post=28564"},{"taxonomy":"post_tag","embeddable":true,"href":"https:\/\/www.ifbaiano.edu.br\/unidades\/lapa\/wp-json\/wp\/v2\/tags?post=28564"}],"curies":[{"name":"wp","href":"https:\/\/api.w.org\/{rel}","templated":true}]}}