{"id":2860,"date":"2015-01-09T09:29:08","date_gmt":"2015-01-09T11:29:08","guid":{"rendered":"http:\/\/www.ifbaiano.edu.br\/unidades\/lapa\/?p=2860"},"modified":"2015-01-09T09:39:22","modified_gmt":"2015-01-09T11:39:22","slug":"rematriculas-e-reintegracao-aos-curso-periodo-2015-1","status":"publish","type":"post","link":"https:\/\/www.ifbaiano.edu.br\/unidades\/lapa\/2015\/01\/09\/rematriculas-e-reintegracao-aos-curso-periodo-2015-1\/","title":{"rendered":"Rematr\u00edculas e Reintegra\u00e7\u00e3o aos Cursos &#8211; Per\u00edodo 2015.1"},"content":{"rendered":"<div>\n<p>As rematr\u00edculas e pedidos de reintegra\u00e7\u00e3o ocorrer\u00e3o no per\u00edodo de 12 a 16 de janeiro de 2015.<\/p>\n<p><!--more--><\/p>\n<p>Informamos que as solicita\u00e7\u00f5es de <strong>REMATR\u00cdCULA \/ REINTEGRA\u00c7\u00c3O AO CURSO<\/strong> para o semestre letivo 2015.1 ocorrer\u00e3o no per\u00edodo de <strong>12 a 16 de janeiro de 2015<\/strong>, na Secretaria de Registros Acad\u00eamicos (SRA), das 07h30 \u00e0s 11h30, 13h30 \u00e0s 17h30.<\/p>\n<p>Para efetuar a rematr\u00edcula, o (a) estudante dever\u00e1 comparecer \u00e0 SRA portando documento de identifica\u00e7\u00e3o original (RG, CNH, CTPS, etc.). Os menores de idade dever\u00e3o comparecer com o respons\u00e1vel legal.<\/p>\n<p>Quando a rematr\u00edcula e demais solicita\u00e7\u00f5es forem efetuadas por outrem, deve-se apresentar procura\u00e7\u00e3o simples, de pr\u00f3prio punho, datada e assinada pelo estudante, maior de idade, e c\u00f3pias e originais de RG e CPF do procurador.<\/p>\n<p>Qualquer d\u00favida, estamos \u00e0 disposi\u00e7\u00e3o na SRA ou atrav\u00e9s do e-mail: &lt;<strong>secretaria@lapa.ifbaiano.edu.br<\/strong>&gt;.<\/p>\n<p>&nbsp;<\/p>\n<p>Atenciosamente,<\/p>\n<p align=\"center\"><strong>Secretaria de Registros Acad\u00eamicos<\/strong><\/p>\n<p align=\"center\">IF Baiano \u2013 Campus Bom Jesus da Lapa<\/p>\n<\/div>\n<p>&nbsp;<\/p>\n","protected":false},"excerpt":{"rendered":"<p>As rematr\u00edculas e pedidos de reintegra\u00e7\u00e3o ocorrer\u00e3o no per\u00edodo de 12 a 16 de janeiro de 2015.<\/p>\n","protected":false},"author":36,"featured_media":0,"comment_status":"open","ping_status":"open","sticky":false,"template":"","format":"standard","meta":[],"categories":[1],"tags":[],"_links":{"self":[{"href":"https:\/\/www.ifbaiano.edu.br\/unidades\/lapa\/wp-json\/wp\/v2\/posts\/2860"}],"collection":[{"href":"https:\/\/www.ifbaiano.edu.br\/unidades\/lapa\/wp-json\/wp\/v2\/posts"}],"about":[{"href":"https:\/\/www.ifbaiano.edu.br\/unidades\/lapa\/wp-json\/wp\/v2\/types\/post"}],"author":[{"embeddable":true,"href":"https:\/\/www.ifbaiano.edu.br\/unidades\/lapa\/wp-json\/wp\/v2\/users\/36"}],"replies":[{"embeddable":true,"href":"https:\/\/www.ifbaiano.edu.br\/unidades\/lapa\/wp-json\/wp\/v2\/comments?post=2860"}],"version-history":[{"count":4,"href":"https:\/\/www.ifbaiano.edu.br\/unidades\/lapa\/wp-json\/wp\/v2\/posts\/2860\/revisions"}],"predecessor-version":[{"id":2863,"href":"https:\/\/www.ifbaiano.edu.br\/unidades\/lapa\/wp-json\/wp\/v2\/posts\/2860\/revisions\/2863"}],"wp:attachment":[{"href":"https:\/\/www.ifbaiano.edu.br\/unidades\/lapa\/wp-json\/wp\/v2\/media?parent=2860"}],"wp:term":[{"taxonomy":"category","embeddable":true,"href":"https:\/\/www.ifbaiano.edu.br\/unidades\/lapa\/wp-json\/wp\/v2\/categories?post=2860"},{"taxonomy":"post_tag","embeddable":true,"href":"https:\/\/www.ifbaiano.edu.br\/unidades\/lapa\/wp-json\/wp\/v2\/tags?post=2860"}],"curies":[{"name":"wp","href":"https:\/\/api.w.org\/{rel}","templated":true}]}}