{"id":28603,"date":"2024-09-02T16:21:16","date_gmt":"2024-09-02T19:21:16","guid":{"rendered":"https:\/\/www.ifbaiano.edu.br\/unidades\/lapa\/?p=28603"},"modified":"2024-09-02T16:21:16","modified_gmt":"2024-09-02T19:21:16","slug":"inscricoes-abertas-para-o-v-simposio-de-ensino-pesquisa-e-extensao-do-campus-bom-jesus-da-lapa","status":"publish","type":"post","link":"https:\/\/www.ifbaiano.edu.br\/unidades\/lapa\/2024\/09\/02\/inscricoes-abertas-para-o-v-simposio-de-ensino-pesquisa-e-extensao-do-campus-bom-jesus-da-lapa\/","title":{"rendered":"Inscri\u00e7\u00f5es abertas para o V Simp\u00f3sio de Ensino, Pesquisa e Extens\u00e3o do Campus Bom Jesus da Lapa"},"content":{"rendered":"\n<p>O Campus Bom Jesus da Lapa tem a satisfa\u00e7\u00e3o de informar a realiza\u00e7\u00e3o do V Simp\u00f3sio de Ensino, Pesquisa e Extens\u00e3o. O evento contar\u00e1 com a realiza\u00e7\u00e3o de minicursos, oficinas, exposi\u00e7\u00e3o de artefatos didatico-pedag\u00f3gicos, feira de agricultura familiar, workshop de orienta\u00e7\u00e3o vocacional e sess\u00e3o de comunica\u00e7\u00e3o cient\u00edfica de trabalhos. Para participar, os estudantes e a comunidade externa dever\u00e3o se inscrever no link: <a href=\"https:\/\/suap.ifbaiano.edu.br\/eventos\/inscricao\/1788\/\">https:\/\/suap.ifbaiano.edu.br\/eventos\/inscricao\/1788\/<\/a>.<\/p>\n\n\n\n<figure class=\"wp-block-image size-full is-resized\"><img decoding=\"async\" loading=\"lazy\" src=\"https:\/\/www.ifbaiano.edu.br\/unidades\/lapa\/files\/2024\/09\/WhatsApp-Image-2024-09-02-at-15.37.21.jpeg\" alt=\"\" class=\"wp-image-28601\" width=\"424\" height=\"424\" \/><\/figure>\n\n\n\n<p>A submiss\u00e3o de trabalhos para apresenta\u00e7\u00e3o no evento ser\u00e1 realizada por meio do link: <a href=\"https:\/\/forms.gle\/adpTfGFNevH9ywbt5\">https:\/\/forms.gle\/adpTfGFNevH9ywbt5<\/a><\/p>\n\n\n\n<figure class=\"wp-block-image size-full\"><img decoding=\"async\" loading=\"lazy\" width=\"417\" height=\"417\" src=\"https:\/\/www.ifbaiano.edu.br\/unidades\/lapa\/files\/2024\/09\/WhatsApp-Image-2024-09-02-at-15.37.40.jpeg\" alt=\"\" class=\"wp-image-28604\" \/><\/figure>\n","protected":false},"excerpt":{"rendered":"<p>O Campus Bom Jesus da Lapa tem a satisfa\u00e7\u00e3o de informar a realiza\u00e7\u00e3o do V Simp\u00f3sio de Ensino, Pesquisa e Extens\u00e3o. O evento contar\u00e1 com a realiza\u00e7\u00e3o de minicursos, oficinas, exposi\u00e7\u00e3o de artefatos didatico-pedag\u00f3gicos, feira de agricultura familiar, workshop de orienta\u00e7\u00e3o vocacional e sess\u00e3o de comunica\u00e7\u00e3o cient\u00edfica de trabalhos. Para participar, os estudantes e a [&hellip;]<\/p>\n","protected":false},"author":165,"featured_media":28601,"comment_status":"open","ping_status":"open","sticky":false,"template":"","format":"standard","meta":[],"categories":[64,24,40,65],"tags":[],"_links":{"self":[{"href":"https:\/\/www.ifbaiano.edu.br\/unidades\/lapa\/wp-json\/wp\/v2\/posts\/28603"}],"collection":[{"href":"https:\/\/www.ifbaiano.edu.br\/unidades\/lapa\/wp-json\/wp\/v2\/posts"}],"about":[{"href":"https:\/\/www.ifbaiano.edu.br\/unidades\/lapa\/wp-json\/wp\/v2\/types\/post"}],"author":[{"embeddable":true,"href":"https:\/\/www.ifbaiano.edu.br\/unidades\/lapa\/wp-json\/wp\/v2\/users\/165"}],"replies":[{"embeddable":true,"href":"https:\/\/www.ifbaiano.edu.br\/unidades\/lapa\/wp-json\/wp\/v2\/comments?post=28603"}],"version-history":[{"count":1,"href":"https:\/\/www.ifbaiano.edu.br\/unidades\/lapa\/wp-json\/wp\/v2\/posts\/28603\/revisions"}],"predecessor-version":[{"id":28607,"href":"https:\/\/www.ifbaiano.edu.br\/unidades\/lapa\/wp-json\/wp\/v2\/posts\/28603\/revisions\/28607"}],"wp:featuredmedia":[{"embeddable":true,"href":"https:\/\/www.ifbaiano.edu.br\/unidades\/lapa\/wp-json\/wp\/v2\/media\/28601"}],"wp:attachment":[{"href":"https:\/\/www.ifbaiano.edu.br\/unidades\/lapa\/wp-json\/wp\/v2\/media?parent=28603"}],"wp:term":[{"taxonomy":"category","embeddable":true,"href":"https:\/\/www.ifbaiano.edu.br\/unidades\/lapa\/wp-json\/wp\/v2\/categories?post=28603"},{"taxonomy":"post_tag","embeddable":true,"href":"https:\/\/www.ifbaiano.edu.br\/unidades\/lapa\/wp-json\/wp\/v2\/tags?post=28603"}],"curies":[{"name":"wp","href":"https:\/\/api.w.org\/{rel}","templated":true}]}}