{"id":28651,"date":"2024-09-03T18:20:14","date_gmt":"2024-09-03T21:20:14","guid":{"rendered":"https:\/\/www.ifbaiano.edu.br\/unidades\/lapa\/?p=28651"},"modified":"2024-09-03T18:21:10","modified_gmt":"2024-09-03T21:21:10","slug":"aula-inaugural-do-curso-de-operadora-de-computador-do-instituto-federal-de-educacao-ciencia-e-tecnologia-baiano-campus-bom-jesus-da-lapa","status":"publish","type":"post","link":"https:\/\/www.ifbaiano.edu.br\/unidades\/lapa\/2024\/09\/03\/aula-inaugural-do-curso-de-operadora-de-computador-do-instituto-federal-de-educacao-ciencia-e-tecnologia-baiano-campus-bom-jesus-da-lapa\/","title":{"rendered":"Aula Inaugural do Curso de Operadora de Computador do Programa Mulheres Mil \u2013 Campus Bom Jesus da Lapa"},"content":{"rendered":"\n<p>Ontem foi realizada a Aula Inaugural do Curso de Operadora de Computador do Instituto Federal de Educa\u00e7\u00e3o, Ci\u00eancia e Tecnologia \u2013 Campus Bom Jesus da Lapa.\nEste curso est\u00e1 vinculado ao Programa Mulheres Mil e faz parte de uma iniciativa que visa a promover a inclus\u00e3o social e o empoderamento feminino por meio da educa\u00e7\u00e3o e da capacita\u00e7\u00e3o profissional.\nO Programa Mulheres Mil \u00e9 um projeto nacional que busca transformar a vida de mulheres em situa\u00e7\u00e3o de vulnerabilidade social, oferecendo forma\u00e7\u00e3o educacional e profissional para inseri-las no mercado de trabalho e fortalecer sua autonomia. Alinhado aos princ\u00edpios de equidade de g\u00eanero desenvolvimento social, o programa \u00e9 uma importante ferramenta de transforma\u00e7\u00e3o, permitindo que cada uma de voc\u00eas alcance novas oportunidades e conquiste novos espa\u00e7os.\nO evento contou a presen\u00e7a do Diretor Geral do Campus, Diretora Acad\u00eamica, Coordenador de Extens\u00e3o, Coordenadora Adjunta do Programa Mulheres Mil, Docentes e Servidores T\u00e9cnicos Administrativos e do Diretor Geral da UFOB\/ Campus Bom Jesus da Lapa.<\/p>\n\n\n\n<figure class=\"wp-block-image size-full\"><img decoding=\"async\" loading=\"lazy\" width=\"1600\" height=\"1066\" src=\"https:\/\/www.ifbaiano.edu.br\/unidades\/lapa\/files\/2024\/09\/WhatsApp-Image-2024-09-03-at-13.52.45.jpeg\" alt=\"\" class=\"wp-image-28653\" \/><\/figure>\n\n\n\n<figure class=\"wp-block-image size-full\"><img decoding=\"async\" loading=\"lazy\" width=\"1600\" height=\"1066\" src=\"https:\/\/www.ifbaiano.edu.br\/unidades\/lapa\/files\/2024\/09\/WhatsApp-Image-2024-09-03-at-13.52.44.jpeg\" alt=\"\" class=\"wp-image-28652\" \/><\/figure>\n\n\n\n<figure class=\"wp-block-image size-full\"><img decoding=\"async\" loading=\"lazy\" width=\"1600\" height=\"1066\" src=\"https:\/\/www.ifbaiano.edu.br\/unidades\/lapa\/files\/2024\/09\/WhatsApp-Image-2024-09-03-at-13.52.45-1.jpeg\" alt=\"\" class=\"wp-image-28654\" \/><\/figure>\n\n\n\n<figure class=\"wp-block-image size-full\"><img decoding=\"async\" loading=\"lazy\" width=\"1600\" height=\"1066\" src=\"https:\/\/www.ifbaiano.edu.br\/unidades\/lapa\/files\/2024\/09\/WhatsApp-Image-2024-09-03-at-13.52.45-2.jpeg\" alt=\"\" class=\"wp-image-28655\" \/><\/figure>\n","protected":false},"excerpt":{"rendered":"<p>Ontem foi realizada a Aula Inaugural do Curso de Operadora de Computador do Instituto Federal de Educa\u00e7\u00e3o, Ci\u00eancia e Tecnologia \u2013 Campus Bom Jesus da Lapa. Este curso est\u00e1 vinculado ao Programa Mulheres Mil e faz parte de uma iniciativa que visa a promover a inclus\u00e3o social e o empoderamento feminino por meio da educa\u00e7\u00e3o [&hellip;]<\/p>\n","protected":false},"author":165,"featured_media":28653,"comment_status":"open","ping_status":"open","sticky":false,"template":"","format":"standard","meta":[],"categories":[115,64,24,65],"tags":[],"_links":{"self":[{"href":"https:\/\/www.ifbaiano.edu.br\/unidades\/lapa\/wp-json\/wp\/v2\/posts\/28651"}],"collection":[{"href":"https:\/\/www.ifbaiano.edu.br\/unidades\/lapa\/wp-json\/wp\/v2\/posts"}],"about":[{"href":"https:\/\/www.ifbaiano.edu.br\/unidades\/lapa\/wp-json\/wp\/v2\/types\/post"}],"author":[{"embeddable":true,"href":"https:\/\/www.ifbaiano.edu.br\/unidades\/lapa\/wp-json\/wp\/v2\/users\/165"}],"replies":[{"embeddable":true,"href":"https:\/\/www.ifbaiano.edu.br\/unidades\/lapa\/wp-json\/wp\/v2\/comments?post=28651"}],"version-history":[{"count":2,"href":"https:\/\/www.ifbaiano.edu.br\/unidades\/lapa\/wp-json\/wp\/v2\/posts\/28651\/revisions"}],"predecessor-version":[{"id":28657,"href":"https:\/\/www.ifbaiano.edu.br\/unidades\/lapa\/wp-json\/wp\/v2\/posts\/28651\/revisions\/28657"}],"wp:featuredmedia":[{"embeddable":true,"href":"https:\/\/www.ifbaiano.edu.br\/unidades\/lapa\/wp-json\/wp\/v2\/media\/28653"}],"wp:attachment":[{"href":"https:\/\/www.ifbaiano.edu.br\/unidades\/lapa\/wp-json\/wp\/v2\/media?parent=28651"}],"wp:term":[{"taxonomy":"category","embeddable":true,"href":"https:\/\/www.ifbaiano.edu.br\/unidades\/lapa\/wp-json\/wp\/v2\/categories?post=28651"},{"taxonomy":"post_tag","embeddable":true,"href":"https:\/\/www.ifbaiano.edu.br\/unidades\/lapa\/wp-json\/wp\/v2\/tags?post=28651"}],"curies":[{"name":"wp","href":"https:\/\/api.w.org\/{rel}","templated":true}]}}