{"id":2866,"date":"2015-01-19T11:38:56","date_gmt":"2015-01-19T13:38:56","guid":{"rendered":"http:\/\/www.ifbaiano.edu.br\/unidades\/lapa\/?p=2866"},"modified":"2015-01-19T11:38:56","modified_gmt":"2015-01-19T13:38:56","slug":"prorrogacao-do-periodo-de-rematriculas-2015-1","status":"publish","type":"post","link":"https:\/\/www.ifbaiano.edu.br\/unidades\/lapa\/2015\/01\/19\/prorrogacao-do-periodo-de-rematriculas-2015-1\/","title":{"rendered":"Prorroga\u00e7\u00e3o do Per\u00edodo de Rematr\u00edculas 2015.1!"},"content":{"rendered":"<p>As rematr\u00edculas foram prorrogadas at\u00e9 o dia 23\/01\/2015! N\u00e3o percam o novo prazo!<\/p>\n<p><!--more--><\/p>\n<p>Prezado (a) Estudante, Informamos que as solicita\u00e7\u00f5es de REMATR\u00cdCULA \/ REINTEGRA\u00c7\u00c3O AO CURSO para o semestre letivo 2015.1 foram prorrogadas at\u00e9 o dia 23 janeiro de 2015, na Secretaria de Registros Acad\u00eamicos (SRA), das 08h00 \u00e0s 11h00. Para efetuar a rematr\u00edcula, o (a) estudante dever\u00e1 comparecer \u00e0 SRA portando documento de identifica\u00e7\u00e3o original (RG, CNH, CTPS, etc.). Os menores de idade dever\u00e3o comparecer com o respons\u00e1vel legal. Quando a rematr\u00edcula e demais solicita\u00e7\u00f5es forem efetuadas por outrem, deve-se apresentar procura\u00e7\u00e3o simples, de pr\u00f3prio punho, datada e assinada pelo estudante, maior de idade, e c\u00f3pias e originais de RG e CPF do procurador. Qualquer d\u00favida, estamos \u00e0 disposi\u00e7\u00e3o na SRA ou atrav\u00e9s do e-mail:\u00a0<strong>secretaria@lapa.ifbaiano.edu.br.\u00a0<\/strong><\/p>\n<p>&nbsp;<\/p>\n<p>Fonte: Diretoria Acad\u00eamica IF Baiano \u2013 Campus Bom Jesus da Lapa<\/p>\n","protected":false},"excerpt":{"rendered":"<p>As rematr\u00edculas foram prorrogadas at\u00e9 o dia 23\/01\/2015! N\u00e3o percam o novo prazo!<\/p>\n","protected":false},"author":36,"featured_media":0,"comment_status":"open","ping_status":"open","sticky":false,"template":"","format":"standard","meta":[],"categories":[1],"tags":[],"_links":{"self":[{"href":"https:\/\/www.ifbaiano.edu.br\/unidades\/lapa\/wp-json\/wp\/v2\/posts\/2866"}],"collection":[{"href":"https:\/\/www.ifbaiano.edu.br\/unidades\/lapa\/wp-json\/wp\/v2\/posts"}],"about":[{"href":"https:\/\/www.ifbaiano.edu.br\/unidades\/lapa\/wp-json\/wp\/v2\/types\/post"}],"author":[{"embeddable":true,"href":"https:\/\/www.ifbaiano.edu.br\/unidades\/lapa\/wp-json\/wp\/v2\/users\/36"}],"replies":[{"embeddable":true,"href":"https:\/\/www.ifbaiano.edu.br\/unidades\/lapa\/wp-json\/wp\/v2\/comments?post=2866"}],"version-history":[{"count":2,"href":"https:\/\/www.ifbaiano.edu.br\/unidades\/lapa\/wp-json\/wp\/v2\/posts\/2866\/revisions"}],"predecessor-version":[{"id":2868,"href":"https:\/\/www.ifbaiano.edu.br\/unidades\/lapa\/wp-json\/wp\/v2\/posts\/2866\/revisions\/2868"}],"wp:attachment":[{"href":"https:\/\/www.ifbaiano.edu.br\/unidades\/lapa\/wp-json\/wp\/v2\/media?parent=2866"}],"wp:term":[{"taxonomy":"category","embeddable":true,"href":"https:\/\/www.ifbaiano.edu.br\/unidades\/lapa\/wp-json\/wp\/v2\/categories?post=2866"},{"taxonomy":"post_tag","embeddable":true,"href":"https:\/\/www.ifbaiano.edu.br\/unidades\/lapa\/wp-json\/wp\/v2\/tags?post=2866"}],"curies":[{"name":"wp","href":"https:\/\/api.w.org\/{rel}","templated":true}]}}