{"id":28661,"date":"2024-09-04T15:26:08","date_gmt":"2024-09-04T18:26:08","guid":{"rendered":"https:\/\/www.ifbaiano.edu.br\/unidades\/lapa\/?p=28661"},"modified":"2024-09-04T15:53:22","modified_gmt":"2024-09-04T18:53:22","slug":"projeto-de-extensao-do-campus-bom-jesus-da-lapa-entrega-certificados-e-cartilhas-tecnicas-para-comunidade-quilombola-pambu-araca","status":"publish","type":"post","link":"https:\/\/www.ifbaiano.edu.br\/unidades\/lapa\/2024\/09\/04\/projeto-de-extensao-do-campus-bom-jesus-da-lapa-entrega-certificados-e-cartilhas-tecnicas-para-comunidade-quilombola-pambu-araca\/","title":{"rendered":"Projeto de Extens\u00e3o do campus Bom Jesus da Lapa entrega certificados e Cartilhas T\u00e9cnicas para Comunidade Quilombola Pamb\u00fa-Ara\u00e7\u00e1"},"content":{"rendered":"\n<p>No \u00faltimo dia 17 de agosto, ocorreu na Comunidade Quilombola Pamb\u00fa-Ara\u00e7\u00e1, localizada \u00e0s margens do rio S\u00e3o Francisco na cidade Serra do Ramalho, uma atividade extensionista que exemplifica a contribui\u00e7\u00e3o do Instituto Federal Baiano campus Bom Jesus da Lapa na garantia do bem viver dos Povos e Comunidades Tradicionais do Territ\u00f3rio Velho Chico.<br>Tratou-se, na ocasi\u00e3o, da atividade de culmin\u00e2ncia do Projeto de Extens\u00e3o \u201cLaborat\u00f3rio de Estudos Afro-brasileiros e Ind\u00edgenas: ciclos formativos e pr\u00e1ticas interdisciplinares com Comunidades Tradicionais\u201d, coordenado pelo Prof. Dr. Raphael Rodrigues e equipe t\u00e9cnica composta por Amanda Jardim (antrop\u00f3loga, colabora externa) e Camila Abdon (estudante de Engenharia Agron\u00f4mica, bolsista do projeto).<br>O ponto alto da atividade foi a entrega dos certificados aos participantes dos encontros formativos e da Cartilha T\u00e9cnica de Extens\u00e3o \u201cTerrit\u00f3rio, mem\u00f3rias e ancestralidades Quilombolas\u201d. A Cartilha re\u00fane de maneira did\u00e1tica, e que poder\u00e1 ser utilizada pelos professores da Escola Quilombola da comunidade, uma s\u00edntese das tem\u00e1ticas desenvolvidas durante a execu\u00e7\u00e3o do projeto, tais como: direitos territoriais quilombolas, mem\u00f3ria, ancestralidades, princ\u00edpios e pr\u00e1ticas agroecol\u00f3gicas e associativistas. A publica\u00e7\u00e3o tamb\u00e9m est\u00e1 dispon\u00edvel para consulta da comunidade acad\u00eamica e pode ser acessada no link: <a href=\"https:\/\/www.ifbaiano.edu.br\/unidades\/lapa\/producoes-tecnicas-de-extensao\/\">https:\/\/www.ifbaiano.edu.br\/unidades\/lapa\/producoes-tecnicas-de-extensao\/<\/a><\/p>\n\n\n\n<figure class=\"wp-block-image size-full\"><img decoding=\"async\" loading=\"lazy\" width=\"1462\" height=\"682\" src=\"https:\/\/www.ifbaiano.edu.br\/unidades\/lapa\/files\/2024\/09\/WhatsApp-Image-2024-09-04-at-14.52.06-1.jpeg\" alt=\"\" class=\"wp-image-28662\" \/><\/figure>\n\n\n\n<figure class=\"wp-block-image size-full\"><img decoding=\"async\" loading=\"lazy\" width=\"1223\" height=\"1600\" src=\"https:\/\/www.ifbaiano.edu.br\/unidades\/lapa\/files\/2024\/09\/WhatsApp-Image-2024-09-04-at-14.52.07-1.jpeg\" alt=\"\" class=\"wp-image-28664\" \/><\/figure>\n\n\n\n<figure class=\"wp-block-image size-full\"><img decoding=\"async\" loading=\"lazy\" width=\"1600\" height=\"850\" src=\"https:\/\/www.ifbaiano.edu.br\/unidades\/lapa\/files\/2024\/09\/WhatsApp-Image-2024-09-04-at-14.52.06.jpeg\" alt=\"\" class=\"wp-image-28663\" \/><\/figure>\n\n\n\n<figure class=\"wp-block-image size-full\"><img decoding=\"async\" loading=\"lazy\" width=\"778\" height=\"1600\" src=\"https:\/\/www.ifbaiano.edu.br\/unidades\/lapa\/files\/2024\/09\/WhatsApp-Image-2024-09-04-at-14.52.07.jpeg\" alt=\"\" class=\"wp-image-28667\" \/><\/figure>\n\n\n\n<figure class=\"wp-block-image size-full\"><img decoding=\"async\" loading=\"lazy\" width=\"859\" height=\"1412\" src=\"https:\/\/www.ifbaiano.edu.br\/unidades\/lapa\/files\/2024\/09\/WhatsApp-Image-2024-09-04-at-14.52.07-2.jpeg\" alt=\"\" class=\"wp-image-28665\" \/><\/figure>\n\n\n\n<figure class=\"wp-block-image size-full\"><img decoding=\"async\" loading=\"lazy\" width=\"1381\" height=\"900\" src=\"https:\/\/www.ifbaiano.edu.br\/unidades\/lapa\/files\/2024\/09\/WhatsApp-Image-2024-09-04-at-14.52.07-3.jpeg\" alt=\"\" class=\"wp-image-28666\" \/><\/figure>\n","protected":false},"excerpt":{"rendered":"<p>No \u00faltimo dia 17 de agosto, ocorreu na Comunidade Quilombola Pamb\u00fa-Ara\u00e7\u00e1, localizada \u00e0s margens do rio S\u00e3o Francisco na cidade Serra do Ramalho, uma atividade extensionista que exemplifica a contribui\u00e7\u00e3o do Instituto Federal Baiano campus Bom Jesus da Lapa na garantia do bem viver dos Povos e Comunidades Tradicionais do Territ\u00f3rio Velho Chico.Tratou-se, na ocasi\u00e3o, [&hellip;]<\/p>\n","protected":false},"author":165,"featured_media":28663,"comment_status":"open","ping_status":"open","sticky":false,"template":"","format":"standard","meta":[],"categories":[64,24,40,65],"tags":[],"_links":{"self":[{"href":"https:\/\/www.ifbaiano.edu.br\/unidades\/lapa\/wp-json\/wp\/v2\/posts\/28661"}],"collection":[{"href":"https:\/\/www.ifbaiano.edu.br\/unidades\/lapa\/wp-json\/wp\/v2\/posts"}],"about":[{"href":"https:\/\/www.ifbaiano.edu.br\/unidades\/lapa\/wp-json\/wp\/v2\/types\/post"}],"author":[{"embeddable":true,"href":"https:\/\/www.ifbaiano.edu.br\/unidades\/lapa\/wp-json\/wp\/v2\/users\/165"}],"replies":[{"embeddable":true,"href":"https:\/\/www.ifbaiano.edu.br\/unidades\/lapa\/wp-json\/wp\/v2\/comments?post=28661"}],"version-history":[{"count":2,"href":"https:\/\/www.ifbaiano.edu.br\/unidades\/lapa\/wp-json\/wp\/v2\/posts\/28661\/revisions"}],"predecessor-version":[{"id":28678,"href":"https:\/\/www.ifbaiano.edu.br\/unidades\/lapa\/wp-json\/wp\/v2\/posts\/28661\/revisions\/28678"}],"wp:featuredmedia":[{"embeddable":true,"href":"https:\/\/www.ifbaiano.edu.br\/unidades\/lapa\/wp-json\/wp\/v2\/media\/28663"}],"wp:attachment":[{"href":"https:\/\/www.ifbaiano.edu.br\/unidades\/lapa\/wp-json\/wp\/v2\/media?parent=28661"}],"wp:term":[{"taxonomy":"category","embeddable":true,"href":"https:\/\/www.ifbaiano.edu.br\/unidades\/lapa\/wp-json\/wp\/v2\/categories?post=28661"},{"taxonomy":"post_tag","embeddable":true,"href":"https:\/\/www.ifbaiano.edu.br\/unidades\/lapa\/wp-json\/wp\/v2\/tags?post=28661"}],"curies":[{"name":"wp","href":"https:\/\/api.w.org\/{rel}","templated":true}]}}