{"id":2869,"date":"2015-02-10T10:44:13","date_gmt":"2015-02-10T12:44:13","guid":{"rendered":"http:\/\/www.ifbaiano.edu.br\/unidades\/lapa\/?p=2869"},"modified":"2015-02-10T10:45:45","modified_gmt":"2015-02-10T12:45:45","slug":"publicado-edital-de-matriculas-2015-1","status":"publish","type":"post","link":"https:\/\/www.ifbaiano.edu.br\/unidades\/lapa\/2015\/02\/10\/publicado-edital-de-matriculas-2015-1\/","title":{"rendered":"Publicado Edital de Matr\u00edculas 2015.1"},"content":{"rendered":"<p>Comunicamos a todos os aprovados para os cursos T\u00e9cnico em Agricultura e T\u00e9cnico em Inform\u00e1tica subsequente que a matr\u00edcula ser\u00e1 realizada nos dias 12, 13 e 23 de fevereiro de 2015, das 8:00 \u00e0s 12:00 horas, conforme Edital de Matr\u00edcula.<\/p>\n<p><!--more--><\/p>\n<p><a href=\"http:\/\/concurso.ifbaiano.edu.br\/portal\/discente20151\/wp-content\/uploads\/sites\/13\/2015\/02\/edital_matricula_lapa.pdf\">ACESSEM AQUI &#8211; EDITAL DE MATR\u00cdCULA<\/a><\/p>\n<p>Documentos Necess\u00e1rios:<\/p>\n<p>a) Hist\u00f3rico Escolar do Ensino M\u00e9dio e\/ou Atestado de Conclus\u00e3o (provisoriamente), emitido por Institui\u00e7\u00e3o Oficial de Ensino;<\/p>\n<p>b) Carteira de Identidade &#8211; RG e Cadastro de Pessoa F\u00edsica &#8211; CPF;<\/p>\n<p>c) Certid\u00e3o de Nascimento ou Casamento;<\/p>\n<p>d) T\u00edtulo de Eleitor e Certid\u00e3o de Quita\u00e7\u00e3o Eleitoral, para maiores de 18 anos (solicitar no cart\u00f3rio eleitoral ou no site: www.tre-ba.gov.br).<\/p>\n<p>e) Documento comprobat\u00f3rio de regularidade com o Servi\u00e7o Militar, para os alunos a partir dos 18 (dezoito) anos do sexo masculino;<\/p>\n<p>f) Procura\u00e7\u00e3o com firma reconhecida, quando a matr\u00edcula for efetuada por terceiros; g) Comprovante de Resid\u00eancia; h) 06 (seis) fotos 3&#215;4 iguais e recentes;<\/p>\n<p>i) CPF e RG dos respons\u00e1veis pelos menores de 18 (dezoito anos);<\/p>\n<p>j) Certifica\u00e7\u00e3o de Conclus\u00e3o do Ensino M\u00e9dio com base nas notas do Exame Nacional do Ensino M\u00e9dio \u2013 ENEM, se for o caso.<\/p>\n<p>&nbsp;<\/p>\n<p>&nbsp;<\/p>\n<p>&nbsp;<\/p>\n","protected":false},"excerpt":{"rendered":"<p>Comunicamos a todos os aprovados para os cursos T\u00e9cnico em Agricultura e T\u00e9cnico em Inform\u00e1tica subsequente que a matr\u00edcula ser\u00e1 realizada nos dias 12, 13 e 23 de fevereiro de 2015, das 8:00 \u00e0s 12:00 horas, conforme Edital de Matr\u00edcula.<\/p>\n","protected":false},"author":36,"featured_media":0,"comment_status":"open","ping_status":"open","sticky":false,"template":"","format":"standard","meta":[],"categories":[1],"tags":[],"_links":{"self":[{"href":"https:\/\/www.ifbaiano.edu.br\/unidades\/lapa\/wp-json\/wp\/v2\/posts\/2869"}],"collection":[{"href":"https:\/\/www.ifbaiano.edu.br\/unidades\/lapa\/wp-json\/wp\/v2\/posts"}],"about":[{"href":"https:\/\/www.ifbaiano.edu.br\/unidades\/lapa\/wp-json\/wp\/v2\/types\/post"}],"author":[{"embeddable":true,"href":"https:\/\/www.ifbaiano.edu.br\/unidades\/lapa\/wp-json\/wp\/v2\/users\/36"}],"replies":[{"embeddable":true,"href":"https:\/\/www.ifbaiano.edu.br\/unidades\/lapa\/wp-json\/wp\/v2\/comments?post=2869"}],"version-history":[{"count":4,"href":"https:\/\/www.ifbaiano.edu.br\/unidades\/lapa\/wp-json\/wp\/v2\/posts\/2869\/revisions"}],"predecessor-version":[{"id":2873,"href":"https:\/\/www.ifbaiano.edu.br\/unidades\/lapa\/wp-json\/wp\/v2\/posts\/2869\/revisions\/2873"}],"wp:attachment":[{"href":"https:\/\/www.ifbaiano.edu.br\/unidades\/lapa\/wp-json\/wp\/v2\/media?parent=2869"}],"wp:term":[{"taxonomy":"category","embeddable":true,"href":"https:\/\/www.ifbaiano.edu.br\/unidades\/lapa\/wp-json\/wp\/v2\/categories?post=2869"},{"taxonomy":"post_tag","embeddable":true,"href":"https:\/\/www.ifbaiano.edu.br\/unidades\/lapa\/wp-json\/wp\/v2\/tags?post=2869"}],"curies":[{"name":"wp","href":"https:\/\/api.w.org\/{rel}","templated":true}]}}