{"id":2874,"date":"2015-02-23T17:30:05","date_gmt":"2015-02-23T19:30:05","guid":{"rendered":"http:\/\/www.ifbaiano.edu.br\/unidades\/lapa\/?p=2874"},"modified":"2015-02-23T17:30:44","modified_gmt":"2015-02-23T19:30:44","slug":"segunda-chamada-de-matriculas-campus-bom-jesus-da-lapa","status":"publish","type":"post","link":"https:\/\/www.ifbaiano.edu.br\/unidades\/lapa\/2015\/02\/23\/segunda-chamada-de-matriculas-campus-bom-jesus-da-lapa\/","title":{"rendered":"Segunda Chamada de Matr\u00edculas &#8211; Campus Bom Jesus da Lapa"},"content":{"rendered":"<p>O Documento pode ser acessado no link abaixo.<\/p>\n<p><!--more--><\/p>\n<p>A Dire\u00e7\u00e3o Geral do IF Baiano \u2013 Campus Bom Jesus da Lapa, nos termos do EDITAL N\u00ba 01\/2015, de 09 de fevereiro de 2015, torna p\u00fablica a SEGUNDA-CHAMADA de matr\u00edculas do <em>Campus<\/em>, e convoca os candidatos abaixo-relacionados a comparecem na Secretaria de Registros Acad\u00eamicos do <em>Campus<\/em>, nos dias 24 e 25 de fevereiro de 2015 para efetuarem suas matr\u00edculas.<\/p>\n<p>Confiram a documenta\u00e7\u00e3o necess\u00e1ria, acessando o documento anexo.<\/p>\n<p><a href=\"http:\/\/www.ifbaiano.edu.br\/unidades\/lapa\/files\/2015\/02\/segunda-chamada.pdf\">SEGUNDA CHAMADA &#8211; RELA\u00c7\u00c3O DE CONVOCADOS E DOCUMENTA\u00c7\u00c3O<\/a><\/p>\n<p>Fonte: Diretoria Acad\u00eamica<\/p>\n<p>&nbsp;<\/p>\n","protected":false},"excerpt":{"rendered":"<p>O Documento pode ser acessado no link abaixo.<\/p>\n","protected":false},"author":36,"featured_media":0,"comment_status":"open","ping_status":"open","sticky":false,"template":"","format":"standard","meta":[],"categories":[39],"tags":[],"_links":{"self":[{"href":"https:\/\/www.ifbaiano.edu.br\/unidades\/lapa\/wp-json\/wp\/v2\/posts\/2874"}],"collection":[{"href":"https:\/\/www.ifbaiano.edu.br\/unidades\/lapa\/wp-json\/wp\/v2\/posts"}],"about":[{"href":"https:\/\/www.ifbaiano.edu.br\/unidades\/lapa\/wp-json\/wp\/v2\/types\/post"}],"author":[{"embeddable":true,"href":"https:\/\/www.ifbaiano.edu.br\/unidades\/lapa\/wp-json\/wp\/v2\/users\/36"}],"replies":[{"embeddable":true,"href":"https:\/\/www.ifbaiano.edu.br\/unidades\/lapa\/wp-json\/wp\/v2\/comments?post=2874"}],"version-history":[{"count":3,"href":"https:\/\/www.ifbaiano.edu.br\/unidades\/lapa\/wp-json\/wp\/v2\/posts\/2874\/revisions"}],"predecessor-version":[{"id":2878,"href":"https:\/\/www.ifbaiano.edu.br\/unidades\/lapa\/wp-json\/wp\/v2\/posts\/2874\/revisions\/2878"}],"wp:attachment":[{"href":"https:\/\/www.ifbaiano.edu.br\/unidades\/lapa\/wp-json\/wp\/v2\/media?parent=2874"}],"wp:term":[{"taxonomy":"category","embeddable":true,"href":"https:\/\/www.ifbaiano.edu.br\/unidades\/lapa\/wp-json\/wp\/v2\/categories?post=2874"},{"taxonomy":"post_tag","embeddable":true,"href":"https:\/\/www.ifbaiano.edu.br\/unidades\/lapa\/wp-json\/wp\/v2\/tags?post=2874"}],"curies":[{"name":"wp","href":"https:\/\/api.w.org\/{rel}","templated":true}]}}