{"id":2879,"date":"2015-02-25T15:59:45","date_gmt":"2015-02-25T17:59:45","guid":{"rendered":"http:\/\/www.ifbaiano.edu.br\/unidades\/lapa\/?p=2879"},"modified":"2015-02-25T15:59:45","modified_gmt":"2015-02-25T17:59:45","slug":"terceira-chamada-de-matriculas-acessem","status":"publish","type":"post","link":"https:\/\/www.ifbaiano.edu.br\/unidades\/lapa\/2015\/02\/25\/terceira-chamada-de-matriculas-acessem\/","title":{"rendered":"Terceira Chamada de Matr\u00edculas &#8211; Acessem!"},"content":{"rendered":"<p>O Documento pode ser acessado no link abaixo.<\/p>\n<p><!--more--><\/p>\n<p>A Dire\u00e7\u00e3o Geral do IF Baiano \u2013 Campus Bom Jesus da Lapa, nos termos do EDITAL N\u00ba 01\/2015, de 09 de fevereiro de 2015, torna p\u00fablica a TERCEIRA-CHAMADA de matr\u00edculas do\u00a0<em>Campus<\/em>, e convoca os candidatos abaixo-relacionados a comparecem na Secretaria de Registros Acad\u00eamicos do\u00a0<em>Campus<\/em>, nos dias 26 e 27 de fevereiro de 2015 para efetuarem suas matr\u00edculas.<\/p>\n<p>Confiram a documenta\u00e7\u00e3o necess\u00e1ria, acessando o documento anexo.<\/p>\n<p><a href=\"http:\/\/www.ifbaiano.edu.br\/unidades\/lapa\/files\/2015\/02\/terceira-chamada.pdf\">TERCEIRA CHAMADA \u2013 RELA\u00c7\u00c3O DE CONVOCADOS E DOCUMENTA\u00c7\u00c3O<\/a><\/p>\n","protected":false},"excerpt":{"rendered":"<p>O Documento pode ser acessado no link abaixo.<\/p>\n","protected":false},"author":36,"featured_media":0,"comment_status":"open","ping_status":"open","sticky":false,"template":"","format":"standard","meta":[],"categories":[39],"tags":[],"_links":{"self":[{"href":"https:\/\/www.ifbaiano.edu.br\/unidades\/lapa\/wp-json\/wp\/v2\/posts\/2879"}],"collection":[{"href":"https:\/\/www.ifbaiano.edu.br\/unidades\/lapa\/wp-json\/wp\/v2\/posts"}],"about":[{"href":"https:\/\/www.ifbaiano.edu.br\/unidades\/lapa\/wp-json\/wp\/v2\/types\/post"}],"author":[{"embeddable":true,"href":"https:\/\/www.ifbaiano.edu.br\/unidades\/lapa\/wp-json\/wp\/v2\/users\/36"}],"replies":[{"embeddable":true,"href":"https:\/\/www.ifbaiano.edu.br\/unidades\/lapa\/wp-json\/wp\/v2\/comments?post=2879"}],"version-history":[{"count":2,"href":"https:\/\/www.ifbaiano.edu.br\/unidades\/lapa\/wp-json\/wp\/v2\/posts\/2879\/revisions"}],"predecessor-version":[{"id":2882,"href":"https:\/\/www.ifbaiano.edu.br\/unidades\/lapa\/wp-json\/wp\/v2\/posts\/2879\/revisions\/2882"}],"wp:attachment":[{"href":"https:\/\/www.ifbaiano.edu.br\/unidades\/lapa\/wp-json\/wp\/v2\/media?parent=2879"}],"wp:term":[{"taxonomy":"category","embeddable":true,"href":"https:\/\/www.ifbaiano.edu.br\/unidades\/lapa\/wp-json\/wp\/v2\/categories?post=2879"},{"taxonomy":"post_tag","embeddable":true,"href":"https:\/\/www.ifbaiano.edu.br\/unidades\/lapa\/wp-json\/wp\/v2\/tags?post=2879"}],"curies":[{"name":"wp","href":"https:\/\/api.w.org\/{rel}","templated":true}]}}