{"id":2883,"date":"2015-02-26T15:46:40","date_gmt":"2015-02-26T17:46:40","guid":{"rendered":"http:\/\/www.ifbaiano.edu.br\/unidades\/lapa\/?p=2883"},"modified":"2015-02-26T15:46:40","modified_gmt":"2015-02-26T17:46:40","slug":"convite-aula-inaugural","status":"publish","type":"post","link":"https:\/\/www.ifbaiano.edu.br\/unidades\/lapa\/2015\/02\/26\/convite-aula-inaugural\/","title":{"rendered":"Convite &#8211; Aula Inaugural"},"content":{"rendered":"<p>Evento acontece no pr\u00f3ximo dia 02 de mar\u00e7o de 2015, a partir das 8 horas da manh\u00e3.<\/p>\n<p><!--more--><\/p>\n<p>O IF Baiano &#8211; Campus Bom Jesus da Lapa tem a satisfa\u00e7\u00e3o de convidar os alunos matriculados, familiares e a comunidade em geral para participarem da Aula Inaugural do semestre 2015.1, a realizar-se no dia 02 de mar\u00e7o de 2015, no Audit\u00f3rio do Campus, a partir das 8:00 horas da manh\u00e3.<\/p>\n<p><a href=\"http:\/\/www.ifbaiano.edu.br\/unidades\/lapa\/files\/2015\/02\/convite-aula-inaugural.jpg\"><img decoding=\"async\" loading=\"lazy\" class=\"alignleft size-medium wp-image-2884\" src=\"http:\/\/www.ifbaiano.edu.br\/unidades\/lapa\/files\/2015\/02\/convite-aula-inaugural-300x212.jpg\" alt=\"\" width=\"300\" height=\"212\" srcset=\"https:\/\/www.ifbaiano.edu.br\/unidades\/lapa\/files\/2015\/02\/convite-aula-inaugural-300x212.jpg 300w, https:\/\/www.ifbaiano.edu.br\/unidades\/lapa\/files\/2015\/02\/convite-aula-inaugural-1024x725.jpg 1024w, https:\/\/www.ifbaiano.edu.br\/unidades\/lapa\/files\/2015\/02\/convite-aula-inaugural-400x283.jpg 400w\" sizes=\"(max-width: 300px) 100vw, 300px\" \/><\/a><\/p>\n","protected":false},"excerpt":{"rendered":"<p>Evento acontece no pr\u00f3ximo dia 02 de mar\u00e7o de 2015, a partir das 8 horas da manh\u00e3.<\/p>\n","protected":false},"author":36,"featured_media":0,"comment_status":"open","ping_status":"open","sticky":false,"template":"","format":"standard","meta":[],"categories":[41],"tags":[],"_links":{"self":[{"href":"https:\/\/www.ifbaiano.edu.br\/unidades\/lapa\/wp-json\/wp\/v2\/posts\/2883"}],"collection":[{"href":"https:\/\/www.ifbaiano.edu.br\/unidades\/lapa\/wp-json\/wp\/v2\/posts"}],"about":[{"href":"https:\/\/www.ifbaiano.edu.br\/unidades\/lapa\/wp-json\/wp\/v2\/types\/post"}],"author":[{"embeddable":true,"href":"https:\/\/www.ifbaiano.edu.br\/unidades\/lapa\/wp-json\/wp\/v2\/users\/36"}],"replies":[{"embeddable":true,"href":"https:\/\/www.ifbaiano.edu.br\/unidades\/lapa\/wp-json\/wp\/v2\/comments?post=2883"}],"version-history":[{"count":1,"href":"https:\/\/www.ifbaiano.edu.br\/unidades\/lapa\/wp-json\/wp\/v2\/posts\/2883\/revisions"}],"predecessor-version":[{"id":2885,"href":"https:\/\/www.ifbaiano.edu.br\/unidades\/lapa\/wp-json\/wp\/v2\/posts\/2883\/revisions\/2885"}],"wp:attachment":[{"href":"https:\/\/www.ifbaiano.edu.br\/unidades\/lapa\/wp-json\/wp\/v2\/media?parent=2883"}],"wp:term":[{"taxonomy":"category","embeddable":true,"href":"https:\/\/www.ifbaiano.edu.br\/unidades\/lapa\/wp-json\/wp\/v2\/categories?post=2883"},{"taxonomy":"post_tag","embeddable":true,"href":"https:\/\/www.ifbaiano.edu.br\/unidades\/lapa\/wp-json\/wp\/v2\/tags?post=2883"}],"curies":[{"name":"wp","href":"https:\/\/api.w.org\/{rel}","templated":true}]}}