{"id":28844,"date":"2024-09-12T15:44:35","date_gmt":"2024-09-12T18:44:35","guid":{"rendered":"https:\/\/www.ifbaiano.edu.br\/unidades\/lapa\/?p=28844"},"modified":"2024-09-12T15:44:36","modified_gmt":"2024-09-12T18:44:36","slug":"if-baiano-campus-bom-jesus-da-lapa-convida-a-todos-a-participarem-do-v-simposio-de-ensino-pesquisa-e-extensao-siepex","status":"publish","type":"post","link":"https:\/\/www.ifbaiano.edu.br\/unidades\/lapa\/2024\/09\/12\/if-baiano-campus-bom-jesus-da-lapa-convida-a-todos-a-participarem-do-v-simposio-de-ensino-pesquisa-e-extensao-siepex\/","title":{"rendered":"IF Baiano Campus Bom Jesus da Lapa convida a todos a participarem do V Simp\u00f3sio de Ensino, Pesquisa e Extens\u00e3o (SIEPEX)."},"content":{"rendered":"\n<p>\u00c9 com grande entusiasmo que convidamos todos a participarem do V Simp\u00f3sio de Ensino, Pesquisa e Extens\u00e3o (SIEPEX) do IF Baiano -Campus Bom Jesus da Lapa. Este ano, o tema central do evento \u00e9 &#8220;O IF Baiano como Espa\u00e7o de Diversidade, Saberes e Tecnologias Sociais&#8221;.<\/p>\n\n\n\n<p>O SIEPEX visa promover um ambiente enriquecedor para troca de conhecimentos, celebra\u00e7\u00e3o da diversidade e discuss\u00e3o sobre as tecnologias sociais que impactam nossas comunidades.<\/p>\n\n\n\n<p>Inscri\u00e7\u00f5es Gerais: Para garantir sua participa\u00e7\u00e3o, fa\u00e7a sua inscri\u00e7\u00e3o geral atrav\u00e9s do link: <a href=\"https:\/\/suap.ifbaiano.edu.br\/eventos\/inscricao\/1788\/\">https:\/\/suap.ifbaiano.edu.br\/eventos\/inscricao\/1788\/<\/a><\/p>\n\n\n\n<p>Oficinas de Interesse: Os participantes devem selecionar e se inscrever individualmente nas oficinas de seu interesse. Os links para cada oficina est\u00e3o dispon\u00edveis no arquivo PDF dispon\u00edvel em: <a href=\"https:\/\/www.ifbaiano.edu.br\/unidades\/lapa\/files\/2024\/09\/LINK_INCRICOES_MINICURSOS_OFICINAS.pdf. \">https:\/\/www.ifbaiano.edu.br\/unidades\/lapa\/files\/2024\/09\/LINK_INCRICOES_MINICURSOS_OFICINAS.pdf. <\/a>Certifique-se de conferir as op\u00e7\u00f5es e garantir sua vaga nas atividades que mais lhe interessam.<\/p>\n\n\n\n<p>Contamos com sua presen\u00e7a para fazer deste evento um momento memor\u00e1vel e enriquecedor para todos.<\/p>\n\n\n\n<p>Esperamos v\u00ea-lo(a) no V SIEPEX!<\/p>\n\n\n\n<figure class=\"wp-block-image size-full is-resized\"><img decoding=\"async\" loading=\"lazy\" src=\"https:\/\/www.ifbaiano.edu.br\/unidades\/lapa\/files\/2024\/09\/WhatsApp-Image-2024-09-12-at-15.34.50.jpeg\" alt=\"\" class=\"wp-image-28846\" width=\"838\" height=\"838\" \/><\/figure>\n","protected":false},"excerpt":{"rendered":"<p>\u00c9 com grande entusiasmo que convidamos todos a participarem do V Simp\u00f3sio de Ensino, Pesquisa e Extens\u00e3o (SIEPEX) do IF Baiano -Campus Bom Jesus da Lapa. Este ano, o tema central do evento \u00e9 &#8220;O IF Baiano como Espa\u00e7o de Diversidade, Saberes e Tecnologias Sociais&#8221;. O SIEPEX visa promover um ambiente enriquecedor para troca de [&hellip;]<\/p>\n","protected":false},"author":181,"featured_media":28846,"comment_status":"open","ping_status":"open","sticky":false,"template":"","format":"standard","meta":[],"categories":[64,24,40,65],"tags":[],"_links":{"self":[{"href":"https:\/\/www.ifbaiano.edu.br\/unidades\/lapa\/wp-json\/wp\/v2\/posts\/28844"}],"collection":[{"href":"https:\/\/www.ifbaiano.edu.br\/unidades\/lapa\/wp-json\/wp\/v2\/posts"}],"about":[{"href":"https:\/\/www.ifbaiano.edu.br\/unidades\/lapa\/wp-json\/wp\/v2\/types\/post"}],"author":[{"embeddable":true,"href":"https:\/\/www.ifbaiano.edu.br\/unidades\/lapa\/wp-json\/wp\/v2\/users\/181"}],"replies":[{"embeddable":true,"href":"https:\/\/www.ifbaiano.edu.br\/unidades\/lapa\/wp-json\/wp\/v2\/comments?post=28844"}],"version-history":[{"count":3,"href":"https:\/\/www.ifbaiano.edu.br\/unidades\/lapa\/wp-json\/wp\/v2\/posts\/28844\/revisions"}],"predecessor-version":[{"id":28848,"href":"https:\/\/www.ifbaiano.edu.br\/unidades\/lapa\/wp-json\/wp\/v2\/posts\/28844\/revisions\/28848"}],"wp:featuredmedia":[{"embeddable":true,"href":"https:\/\/www.ifbaiano.edu.br\/unidades\/lapa\/wp-json\/wp\/v2\/media\/28846"}],"wp:attachment":[{"href":"https:\/\/www.ifbaiano.edu.br\/unidades\/lapa\/wp-json\/wp\/v2\/media?parent=28844"}],"wp:term":[{"taxonomy":"category","embeddable":true,"href":"https:\/\/www.ifbaiano.edu.br\/unidades\/lapa\/wp-json\/wp\/v2\/categories?post=28844"},{"taxonomy":"post_tag","embeddable":true,"href":"https:\/\/www.ifbaiano.edu.br\/unidades\/lapa\/wp-json\/wp\/v2\/tags?post=28844"}],"curies":[{"name":"wp","href":"https:\/\/api.w.org\/{rel}","templated":true}]}}