{"id":2886,"date":"2015-03-01T13:12:16","date_gmt":"2015-03-01T15:12:16","guid":{"rendered":"http:\/\/www.ifbaiano.edu.br\/unidades\/lapa\/?p=2886"},"modified":"2015-03-01T13:39:42","modified_gmt":"2015-03-01T15:39:42","slug":"programacao-da-aula-inaugural-2015-1","status":"publish","type":"post","link":"https:\/\/www.ifbaiano.edu.br\/unidades\/lapa\/2015\/03\/01\/programacao-da-aula-inaugural-2015-1\/","title":{"rendered":"Programa\u00e7\u00e3o da Aula Inaugural 2015.1"},"content":{"rendered":"<div>Divulgamos, a seguir, programa\u00e7\u00e3o Oficial da Aula Inaugural 2015.1, para conhecimento da comunidade acad\u00eamica do IF Baiano &#8211; Campus Bom Jesus da Lapa.<\/div>\n<div><!--more--><\/div>\n<div>____________________________________________________________________<\/div>\n<div><strong>Data<\/strong><span style=\"font-family: Consolas, Monaco, monospace;font-size: 12px;line-height: 18px\">: 02\/03\/2015 &#8211; <strong>Hor\u00e1rio:<\/strong> 8:00 \u00e0s 12:00<\/span><\/div>\n<div>\n<pre><strong>Local<\/strong>: Audit\u00f3rio IF Baiano Campus Bom\r\nJesus da Lapa\r\n<strong>08:00h \u00e0s 08:10h<\/strong> \u2013 Solenidade de abertura oficial. Mesa de Abertura: Dire\u00e7\u00e3o Geral,<\/pre>\n<pre>Dire\u00e7\u00e3o Acad\u00eamica, Dire\u00e7\u00e3o Administrativa, Coordena\u00e7\u00e3o de Ensino.<\/pre>\n<pre><strong>08:10h \u00e0s 08:15h<\/strong> \u2013 Execu\u00e7\u00e3o do Hino Nacional.\r\n<strong>08:15h \u00e0s 08:40h<\/strong> \u2013 Apresenta\u00e7\u00e3o teatral: \u201cO PAPEL DA EDUCA\u00c7\u00c3O NA SOCIEDADE\u00a0DA EXCLUS\u00c3O\u201d.<\/pre>\n<pre>Grupo de alunos do IF Baiano Campus Bom Jesus da Lapa.<\/pre>\n<pre><strong>08:40h \u00e0s 09:00h<\/strong> \u2013 Apresenta\u00e7\u00e3o: \u201cIF BAIANO E SUA INSER\u00c7\u00c3O NO TERRIT\u00d3RIO DO VELHO CHICO:<\/pre>\n<pre>DESAFIOS E PERSPECTIVAS\u201d.\r\nT\u00e9cnico. Junio Batista Cust\u00f3dio e aluna M\u00f4nica Silva Carmo, representante do Gr\u00eamio Estudantil.\r\n<strong>09:00h \u00e0s 09:10h<\/strong> \u2013 Apresenta\u00e7\u00e3o musical.\r\nProf. Vasni dos Santos Silva Filho e alunas do IF Baiano Campus Bom Jesus da Lapa.\r\n<strong>09:10h \u00e0s 09:50<\/strong> \u2013 Apresenta\u00e7\u00e3o dos objetivos de cada curso e do perfil do egresso.\r\nCoordenadores de Curso: Prof\u00aa Ana Cl\u00e1udia Martins de Souza e Prof. Jefferson Oliveira de S\u00e1.\r\n<strong>09:50h \u00e0s 10:30h<\/strong> \u2013 Palestra: A gest\u00e3o do tempo como ferramenta para a automotiva\u00e7\u00e3o.\r\nRamon Cerqueira Gomes.\r\n<strong>10:30h \u00e0s 11:00h<\/strong> - Apresenta\u00e7\u00e3o dos professores e servidores da Diretoria Acad\u00eamica e<\/pre>\n<pre>mensagem de encerramento. Prof\u00aa: Elisa Eni Freitag\r\n<strong>11:00h \u00e0s 11:50h<\/strong> - Visita\u00e7\u00e3o \u00e0s instala\u00e7\u00f5es f\u00edsicas e \u00e1rea agr\u00edcola do Campus.\r\n<strong>11:50h<\/strong> - Encerramento<\/pre>\n<\/div>\n","protected":false},"excerpt":{"rendered":"<p>Divulgamos, a seguir, programa\u00e7\u00e3o Oficial da Aula Inaugural 2015.1, para conhecimento da comunidade acad\u00eamica do IF Baiano &#8211; Campus Bom Jesus da Lapa.<\/p>\n","protected":false},"author":36,"featured_media":0,"comment_status":"open","ping_status":"open","sticky":false,"template":"","format":"standard","meta":[],"categories":[40],"tags":[],"_links":{"self":[{"href":"https:\/\/www.ifbaiano.edu.br\/unidades\/lapa\/wp-json\/wp\/v2\/posts\/2886"}],"collection":[{"href":"https:\/\/www.ifbaiano.edu.br\/unidades\/lapa\/wp-json\/wp\/v2\/posts"}],"about":[{"href":"https:\/\/www.ifbaiano.edu.br\/unidades\/lapa\/wp-json\/wp\/v2\/types\/post"}],"author":[{"embeddable":true,"href":"https:\/\/www.ifbaiano.edu.br\/unidades\/lapa\/wp-json\/wp\/v2\/users\/36"}],"replies":[{"embeddable":true,"href":"https:\/\/www.ifbaiano.edu.br\/unidades\/lapa\/wp-json\/wp\/v2\/comments?post=2886"}],"version-history":[{"count":7,"href":"https:\/\/www.ifbaiano.edu.br\/unidades\/lapa\/wp-json\/wp\/v2\/posts\/2886\/revisions"}],"predecessor-version":[{"id":2889,"href":"https:\/\/www.ifbaiano.edu.br\/unidades\/lapa\/wp-json\/wp\/v2\/posts\/2886\/revisions\/2889"}],"wp:attachment":[{"href":"https:\/\/www.ifbaiano.edu.br\/unidades\/lapa\/wp-json\/wp\/v2\/media?parent=2886"}],"wp:term":[{"taxonomy":"category","embeddable":true,"href":"https:\/\/www.ifbaiano.edu.br\/unidades\/lapa\/wp-json\/wp\/v2\/categories?post=2886"},{"taxonomy":"post_tag","embeddable":true,"href":"https:\/\/www.ifbaiano.edu.br\/unidades\/lapa\/wp-json\/wp\/v2\/tags?post=2886"}],"curies":[{"name":"wp","href":"https:\/\/api.w.org\/{rel}","templated":true}]}}