{"id":2894,"date":"2015-03-02T18:24:44","date_gmt":"2015-03-02T20:24:44","guid":{"rendered":"http:\/\/www.ifbaiano.edu.br\/unidades\/lapa\/?p=2894"},"modified":"2015-03-04T17:07:38","modified_gmt":"2015-03-04T19:07:38","slug":"publicados-editais-de-vagas-remanescentes-cursos-de-agricultura-e-informatica","status":"publish","type":"post","link":"https:\/\/www.ifbaiano.edu.br\/unidades\/lapa\/2015\/03\/02\/publicados-editais-de-vagas-remanescentes-cursos-de-agricultura-e-informatica\/","title":{"rendered":"Publicados Editais de Vagas Remanescentes &#8211; Cursos de Agricultura e Inform\u00e1tica"},"content":{"rendered":"<p>A Dire\u00e7\u00e3o Geral do IF Baiano &#8211; Campus Bom Jesus da Lapa divulga editais para o preenchimento de vagas remanescentes &#8211; Acessem!<\/p>\n<p><!--more--><\/p>\n<p><a href=\"http:\/\/www.ifbaiano.edu.br\/unidades\/lapa\/files\/2015\/03\/agricultura.pdf\">Edital Vagas Remanescentes &#8211; T\u00e9cnico em Agricultura &#8211; Vespertino<\/a><\/p>\n<p><a href=\"http:\/\/www.ifbaiano.edu.br\/unidades\/lapa\/files\/2015\/03\/informatica_03.pdf\">Edital de Vagas Remanescentes &#8211; T\u00e9cnico em Inform\u00e1tica &#8211; Matutino e Noturno<\/a><\/p>\n<p>&nbsp;<\/p>\n","protected":false},"excerpt":{"rendered":"<p>A Dire\u00e7\u00e3o Geral do IF Baiano &#8211; Campus Bom Jesus da Lapa divulga editais para o preenchimento de vagas remanescentes &#8211; Acessem!<\/p>\n","protected":false},"author":36,"featured_media":0,"comment_status":"open","ping_status":"open","sticky":false,"template":"","format":"standard","meta":[],"categories":[1],"tags":[],"_links":{"self":[{"href":"https:\/\/www.ifbaiano.edu.br\/unidades\/lapa\/wp-json\/wp\/v2\/posts\/2894"}],"collection":[{"href":"https:\/\/www.ifbaiano.edu.br\/unidades\/lapa\/wp-json\/wp\/v2\/posts"}],"about":[{"href":"https:\/\/www.ifbaiano.edu.br\/unidades\/lapa\/wp-json\/wp\/v2\/types\/post"}],"author":[{"embeddable":true,"href":"https:\/\/www.ifbaiano.edu.br\/unidades\/lapa\/wp-json\/wp\/v2\/users\/36"}],"replies":[{"embeddable":true,"href":"https:\/\/www.ifbaiano.edu.br\/unidades\/lapa\/wp-json\/wp\/v2\/comments?post=2894"}],"version-history":[{"count":5,"href":"https:\/\/www.ifbaiano.edu.br\/unidades\/lapa\/wp-json\/wp\/v2\/posts\/2894\/revisions"}],"predecessor-version":[{"id":2898,"href":"https:\/\/www.ifbaiano.edu.br\/unidades\/lapa\/wp-json\/wp\/v2\/posts\/2894\/revisions\/2898"}],"wp:attachment":[{"href":"https:\/\/www.ifbaiano.edu.br\/unidades\/lapa\/wp-json\/wp\/v2\/media?parent=2894"}],"wp:term":[{"taxonomy":"category","embeddable":true,"href":"https:\/\/www.ifbaiano.edu.br\/unidades\/lapa\/wp-json\/wp\/v2\/categories?post=2894"},{"taxonomy":"post_tag","embeddable":true,"href":"https:\/\/www.ifbaiano.edu.br\/unidades\/lapa\/wp-json\/wp\/v2\/tags?post=2894"}],"curies":[{"name":"wp","href":"https:\/\/api.w.org\/{rel}","templated":true}]}}