{"id":29084,"date":"2024-10-09T14:33:56","date_gmt":"2024-10-09T17:33:56","guid":{"rendered":"https:\/\/www.ifbaiano.edu.br\/unidades\/lapa\/?p=29084"},"modified":"2024-10-09T14:33:56","modified_gmt":"2024-10-09T17:33:56","slug":"o-if-baiano-campus-bom-jesus-da-lapa-esta-ofertando-120-vagas-em-cursos-tecnicos-integrados-ao-ensino-medio-presenciais","status":"publish","type":"post","link":"https:\/\/www.ifbaiano.edu.br\/unidades\/lapa\/2024\/10\/09\/o-if-baiano-campus-bom-jesus-da-lapa-esta-ofertando-120-vagas-em-cursos-tecnicos-integrados-ao-ensino-medio-presenciais\/","title":{"rendered":"O IF Baiano Campus Bom Jesus da Lapa est\u00e1 ofertando 120 vagas em Cursos T\u00e9cnicos Integrados ao Ensino M\u00e9dio Presenciais."},"content":{"rendered":"\n<figure class=\"wp-block-image size-full\"><img decoding=\"async\" loading=\"lazy\" width=\"1080\" height=\"1080\" src=\"https:\/\/www.ifbaiano.edu.br\/unidades\/lapa\/files\/2024\/10\/WhatsApp-Image-2024-10-03-at-14.01.30.jpeg\" alt=\"\" class=\"wp-image-29029\" \/><\/figure>\n\n\n\n<p>O IF Baiano Campus Bom Jesus da Lapa est\u00e1 ofertando 120 vagas em Cursos T\u00e9cnicos Integrados ao Ensino M\u00e9dio Presenciais.<br>O Edital de ingresso de estudantes em 2025 nos cursos profissionais integrados ao Ensino M\u00e9dio foi lan\u00e7ado no dia 03 de outubro de 2024.<\/p>\n\n\n\n<p>Se voc\u00ea concluiu ou est\u00e1 concluindo o ensino fundamental e deseja ingressar em uma forma\u00e7\u00e3o t\u00e9cnica, esta \u00e9 a chance! As inscri\u00e7\u00f5es estar\u00e3o abertas de 07 de outubro a 14 de novembro de 2024. Os interessados devem realizar inscri\u00e7\u00e3o online, preenchendo o formul\u00e1rio digital dispon\u00edvel na p\u00e1gina do processo seletivo: <a href=\"https:\/\/www.ifbaiano.edu.br\/unidades\/lapa\/edital-no\/\">https:\/\/www.ifbaiano.edu.br\/unidades\/lapa\/edital-no\/<\/a>.<\/p>\n\n\n\n<p>Para os(as) candidatos(as) que n\u00e3o tenham acesso \u00e0 internet, durante o per\u00edodo das inscri\u00e7\u00f5es, ser\u00e1 disponibilizado o seguintes pontos de apoio para realiza\u00e7\u00e3o de inscri\u00e7\u00f5es e receber orienta\u00e7\u00f5es: No IF Baiano, teremos atendimento todos os dias no hor\u00e1rio de 8h \u00e0s 12h e 14h \u00e0s 16h, em Serra do Ramalho o ponto de apoio ser\u00e1 na biblioteca municipal apenas nas segundas-feiras e em Bom Jesus da Lapa o ponto de apoio ser\u00e1 na Secretaria Municipal de Educa\u00e7\u00e3o nas quartas e quintas -feiras.;<\/p>\n\n\n\n<p>Confira as op\u00e7\u00f5es de cursos e vagas dispon\u00edveis:<\/p>\n\n\n\n<p>\ud83c\udf8d <strong>T\u00e9cnico em Agricultura (40)<\/strong><\/p>\n\n\n\n<p>\ud83c\udf31 <strong>T\u00e9cnico em Agroecologia (40)<\/strong><\/p>\n\n\n\n<p>\ud83d\udcbb <strong>T\u00e9cnico em Inform\u00e1tica (40)<\/strong><\/p>\n\n\n\n<p>Para participar do Processo Seletivo e ingressar em um dos cursos, \u00e9 necess\u00e1rio apresentar a documenta\u00e7\u00e3o exigida conforme o Edital n\u00ba 38\/2024, de 3 de outubro de 2024, ter conclu\u00eddo o 9\u00ba ano at\u00e9 a data da matr\u00edcula. A sele\u00e7\u00e3o \u00e9 feita utilizando (notas) finais nos componentes Portugu\u00eas, Matem\u00e1tica, Hist\u00f3ria, Geografia e Ci\u00eancias do 8\u00ba ano. S\u00e3o destinadas 70% das vagas para a\u00e7\u00f5es afirmativas (vagas reservadas para estudantes de escola p\u00fablica, pretos, pardos, ind\u00edgenas, quilombolas, pessoas com defici\u00eancia, e baixa renda).<\/p>\n\n\n\n<p>Para mais detalhes, consulte o edital dispon\u00edvel na p\u00e1gina de acompanhamento do Prosel no site do IF Baiano Campus Bom Jesus da Lapa atrav\u00e9s do link: <a href=\"https:\/\/www.ifbaiano.edu.br\/unidades\/lapa\/edital-no\/\">https:\/\/www.ifbaiano.edu.br\/unidades\/lapa\/edital-no\/<\/a><\/p>\n\n\n\n<p><strong>D\u00favidas?. Entre em contato pelo e-mail: prosel.lapa@ifbaiano.edu.br ou WhatsApp: (77) 2102-9545<\/strong><\/p>\n","protected":false},"excerpt":{"rendered":"<p>O IF Baiano Campus Bom Jesus da Lapa est\u00e1 ofertando 120 vagas em Cursos T\u00e9cnicos Integrados ao Ensino M\u00e9dio Presenciais.O Edital de ingresso de estudantes em 2025 nos cursos profissionais integrados ao Ensino M\u00e9dio foi lan\u00e7ado no dia 03 de outubro de 2024. Se voc\u00ea concluiu ou est\u00e1 concluindo o ensino fundamental e deseja ingressar [&hellip;]<\/p>\n","protected":false},"author":165,"featured_media":29029,"comment_status":"open","ping_status":"open","sticky":false,"template":"","format":"standard","meta":[],"categories":[115,64,24,65],"tags":[],"_links":{"self":[{"href":"https:\/\/www.ifbaiano.edu.br\/unidades\/lapa\/wp-json\/wp\/v2\/posts\/29084"}],"collection":[{"href":"https:\/\/www.ifbaiano.edu.br\/unidades\/lapa\/wp-json\/wp\/v2\/posts"}],"about":[{"href":"https:\/\/www.ifbaiano.edu.br\/unidades\/lapa\/wp-json\/wp\/v2\/types\/post"}],"author":[{"embeddable":true,"href":"https:\/\/www.ifbaiano.edu.br\/unidades\/lapa\/wp-json\/wp\/v2\/users\/165"}],"replies":[{"embeddable":true,"href":"https:\/\/www.ifbaiano.edu.br\/unidades\/lapa\/wp-json\/wp\/v2\/comments?post=29084"}],"version-history":[{"count":4,"href":"https:\/\/www.ifbaiano.edu.br\/unidades\/lapa\/wp-json\/wp\/v2\/posts\/29084\/revisions"}],"predecessor-version":[{"id":29141,"href":"https:\/\/www.ifbaiano.edu.br\/unidades\/lapa\/wp-json\/wp\/v2\/posts\/29084\/revisions\/29141"}],"wp:featuredmedia":[{"embeddable":true,"href":"https:\/\/www.ifbaiano.edu.br\/unidades\/lapa\/wp-json\/wp\/v2\/media\/29029"}],"wp:attachment":[{"href":"https:\/\/www.ifbaiano.edu.br\/unidades\/lapa\/wp-json\/wp\/v2\/media?parent=29084"}],"wp:term":[{"taxonomy":"category","embeddable":true,"href":"https:\/\/www.ifbaiano.edu.br\/unidades\/lapa\/wp-json\/wp\/v2\/categories?post=29084"},{"taxonomy":"post_tag","embeddable":true,"href":"https:\/\/www.ifbaiano.edu.br\/unidades\/lapa\/wp-json\/wp\/v2\/tags?post=29084"}],"curies":[{"name":"wp","href":"https:\/\/api.w.org\/{rel}","templated":true}]}}