{"id":29202,"date":"2024-11-06T11:50:21","date_gmt":"2024-11-06T14:50:21","guid":{"rendered":"https:\/\/www.ifbaiano.edu.br\/unidades\/lapa\/?p=29202"},"modified":"2024-11-06T11:52:05","modified_gmt":"2024-11-06T14:52:05","slug":"fortalecendo-lacos-if-baiano-de-bom-jesus-da-lapa-dialoga-sobre-educacao-e-futuro-no-colegio-anisio-honorato-godoy","status":"publish","type":"post","link":"https:\/\/www.ifbaiano.edu.br\/unidades\/lapa\/2024\/11\/06\/fortalecendo-lacos-if-baiano-de-bom-jesus-da-lapa-dialoga-sobre-educacao-e-futuro-no-colegio-anisio-honorato-godoy\/","title":{"rendered":"Fortalecendo La\u00e7os: IF Baiano de Bom Jesus da Lapa dialoga sobre educa\u00e7\u00e3o e futuro no Col\u00e9gio An\u00edsio Honorato Godoy"},"content":{"rendered":"\n<p>Representantes do IF Baiano &#8211; Campus Bom Jesus da Lapa participaram, no dia 5 de novembro, de um evento no Col\u00e9gio An\u00edsio Honorato Godoy, em Serra do Ramalho.<br>As servidoras Cyntia Layane e Valdin\u00e9ia Antunes, em parceria com o professor Raphael Rodrigues, compartilharam informa\u00e7\u00f5es e experi\u00eancias sobre os cursos superiores oferecidos pelo Campus Lapa. Dialogaram com familiares dos estudantes sobre a import\u00e2ncia da universidade para a forma\u00e7\u00e3o profissional, humana e cr\u00edtica.<br>Foi uma manh\u00e3 repleta de aprendizado e hist\u00f3rias de vida! Agradecemos ao @ceahg.ba pela parceria e oportunidade.<\/p>\n\n\n\n<figure class=\"wp-block-image size-full\"><img decoding=\"async\" loading=\"lazy\" width=\"1600\" height=\"1200\" src=\"https:\/\/www.ifbaiano.edu.br\/unidades\/lapa\/files\/2024\/11\/WhatsApp-Image-2024-11-06-at-11.11.36.jpeg\" alt=\"\" class=\"wp-image-29204\" \/><\/figure>\n","protected":false},"excerpt":{"rendered":"<p>Representantes do IF Baiano &#8211; Campus Bom Jesus da Lapa participaram, no dia 5 de novembro, de um evento no Col\u00e9gio An\u00edsio Honorato Godoy, em Serra do Ramalho.As servidoras Cyntia Layane e Valdin\u00e9ia Antunes, em parceria com o professor Raphael Rodrigues, compartilharam informa\u00e7\u00f5es e experi\u00eancias sobre os cursos superiores oferecidos pelo Campus Lapa. Dialogaram com [&hellip;]<\/p>\n","protected":false},"author":165,"featured_media":29204,"comment_status":"open","ping_status":"open","sticky":false,"template":"","format":"standard","meta":[],"categories":[115,64,24,65],"tags":[],"_links":{"self":[{"href":"https:\/\/www.ifbaiano.edu.br\/unidades\/lapa\/wp-json\/wp\/v2\/posts\/29202"}],"collection":[{"href":"https:\/\/www.ifbaiano.edu.br\/unidades\/lapa\/wp-json\/wp\/v2\/posts"}],"about":[{"href":"https:\/\/www.ifbaiano.edu.br\/unidades\/lapa\/wp-json\/wp\/v2\/types\/post"}],"author":[{"embeddable":true,"href":"https:\/\/www.ifbaiano.edu.br\/unidades\/lapa\/wp-json\/wp\/v2\/users\/165"}],"replies":[{"embeddable":true,"href":"https:\/\/www.ifbaiano.edu.br\/unidades\/lapa\/wp-json\/wp\/v2\/comments?post=29202"}],"version-history":[{"count":3,"href":"https:\/\/www.ifbaiano.edu.br\/unidades\/lapa\/wp-json\/wp\/v2\/posts\/29202\/revisions"}],"predecessor-version":[{"id":29207,"href":"https:\/\/www.ifbaiano.edu.br\/unidades\/lapa\/wp-json\/wp\/v2\/posts\/29202\/revisions\/29207"}],"wp:featuredmedia":[{"embeddable":true,"href":"https:\/\/www.ifbaiano.edu.br\/unidades\/lapa\/wp-json\/wp\/v2\/media\/29204"}],"wp:attachment":[{"href":"https:\/\/www.ifbaiano.edu.br\/unidades\/lapa\/wp-json\/wp\/v2\/media?parent=29202"}],"wp:term":[{"taxonomy":"category","embeddable":true,"href":"https:\/\/www.ifbaiano.edu.br\/unidades\/lapa\/wp-json\/wp\/v2\/categories?post=29202"},{"taxonomy":"post_tag","embeddable":true,"href":"https:\/\/www.ifbaiano.edu.br\/unidades\/lapa\/wp-json\/wp\/v2\/tags?post=29202"}],"curies":[{"name":"wp","href":"https:\/\/api.w.org\/{rel}","templated":true}]}}