{"id":2931,"date":"2015-03-10T00:53:40","date_gmt":"2015-03-10T02:53:40","guid":{"rendered":"http:\/\/www.ifbaiano.edu.br\/unidades\/lapa\/?p=2931"},"modified":"2015-03-10T00:53:40","modified_gmt":"2015-03-10T02:53:40","slug":"campus-lapa-realiza-jornada-pedagogica-2015","status":"publish","type":"post","link":"https:\/\/www.ifbaiano.edu.br\/unidades\/lapa\/2015\/03\/10\/campus-lapa-realiza-jornada-pedagogica-2015\/","title":{"rendered":"Campus Lapa realiza Jornada Pedag\u00f3gica 2015"},"content":{"rendered":"<p>Evento aconteceu no per\u00edodo de 24 a 27 de fevereiro de 2015.<\/p>\n<p><!--more--><\/p>\n<p>O IF Baiano Campus Bom Jesus da Lapa, consciente da natureza coletiva e dial\u00f3gica do processo educativo, realizou nos dias 24, 25, 26 e 27 de fevereiro a Jornada Pedag\u00f3gica 2015 com o tema Interdisciplinaridade na Educa\u00e7\u00e3o Profissional: compartilhando experi\u00eancia e saberes. O encontro proporcionou momentos de reflex\u00e3o sobre os princ\u00edpios que norteiam o trabalho interdisciplinar em educa\u00e7\u00e3o, potencializando a constru\u00e7\u00e3o coletiva e o fortalecimento do planejamento das a\u00e7\u00f5es pedag\u00f3gicas e administrativas do Campus. A Jornada constituiu-se em um momento oportuno para se definir as metas, objetivos e a\u00e7\u00f5es que a Institui\u00e7\u00e3o desenvolver\u00e1 com vista ao alcance de sua miss\u00e3o.<\/p>\n<p>&nbsp;<\/p>\n","protected":false},"excerpt":{"rendered":"<p>Evento aconteceu no per\u00edodo de 24 a 27 de fevereiro de 2015.<\/p>\n","protected":false},"author":36,"featured_media":0,"comment_status":"open","ping_status":"open","sticky":false,"template":"","format":"standard","meta":[],"categories":[1],"tags":[],"_links":{"self":[{"href":"https:\/\/www.ifbaiano.edu.br\/unidades\/lapa\/wp-json\/wp\/v2\/posts\/2931"}],"collection":[{"href":"https:\/\/www.ifbaiano.edu.br\/unidades\/lapa\/wp-json\/wp\/v2\/posts"}],"about":[{"href":"https:\/\/www.ifbaiano.edu.br\/unidades\/lapa\/wp-json\/wp\/v2\/types\/post"}],"author":[{"embeddable":true,"href":"https:\/\/www.ifbaiano.edu.br\/unidades\/lapa\/wp-json\/wp\/v2\/users\/36"}],"replies":[{"embeddable":true,"href":"https:\/\/www.ifbaiano.edu.br\/unidades\/lapa\/wp-json\/wp\/v2\/comments?post=2931"}],"version-history":[{"count":2,"href":"https:\/\/www.ifbaiano.edu.br\/unidades\/lapa\/wp-json\/wp\/v2\/posts\/2931\/revisions"}],"predecessor-version":[{"id":2933,"href":"https:\/\/www.ifbaiano.edu.br\/unidades\/lapa\/wp-json\/wp\/v2\/posts\/2931\/revisions\/2933"}],"wp:attachment":[{"href":"https:\/\/www.ifbaiano.edu.br\/unidades\/lapa\/wp-json\/wp\/v2\/media?parent=2931"}],"wp:term":[{"taxonomy":"category","embeddable":true,"href":"https:\/\/www.ifbaiano.edu.br\/unidades\/lapa\/wp-json\/wp\/v2\/categories?post=2931"},{"taxonomy":"post_tag","embeddable":true,"href":"https:\/\/www.ifbaiano.edu.br\/unidades\/lapa\/wp-json\/wp\/v2\/tags?post=2931"}],"curies":[{"name":"wp","href":"https:\/\/api.w.org\/{rel}","templated":true}]}}