{"id":29363,"date":"2025-01-15T10:20:59","date_gmt":"2025-01-15T13:20:59","guid":{"rendered":"https:\/\/www.ifbaiano.edu.br\/unidades\/lapa\/?p=29363"},"modified":"2025-01-15T10:31:59","modified_gmt":"2025-01-15T13:31:59","slug":"selecao-de-candidatosas-para-o-curso-de-graduacao-em-engenharia-agronomica-campus-bom-jesus-da-lapa","status":"publish","type":"post","link":"https:\/\/www.ifbaiano.edu.br\/unidades\/lapa\/2025\/01\/15\/selecao-de-candidatosas-para-o-curso-de-graduacao-em-engenharia-agronomica-campus-bom-jesus-da-lapa\/","title":{"rendered":"SELE\u00c7\u00c3O DE CANDIDATOS(AS) PARA O CURSO\u00a0 DE GRADUA\u00c7\u00c3O EM ENGENHARIA AGRON\u00d4MICA \u2013 CAMPUS BOM JESUS DA LAPA"},"content":{"rendered":"\n<figure class=\"wp-block-image size-large is-resized\"><img decoding=\"async\" loading=\"lazy\" src=\"https:\/\/www.ifbaiano.edu.br\/unidades\/lapa\/files\/2025\/01\/WhatsApp-Image-2025-01-09-at-11.23.54-1.jpeg\" alt=\"\" width=\"840\" height=\"840\" \/><\/figure>\n\n\n\n<p>O Ifbaiano &#8211; Campus Bom Jesus da Lapa comunica o lan\u00e7amento do Edital 01\/2025 &#8211; Sele\u00e7\u00e3o de Candidatos(as) para preenchimento de vagas no curso de gradua\u00e7\u00e3o em Engenharia Agron\u00f4mica.<br>Ser\u00e3o 28 vagas destinada ao processo seletivo pr\u00f3prio do Campus Bom Jesus da Lapa e remanescentes do processo seletivo SISU 2024.2.<br>As inscri\u00e7\u00f5es ocorrer\u00e3o das 00h de 13\/01\/2025 \u00e0s 23h59 de 31\/01\/2025.<br>Para mais detalhes, consulte o Edital dispon\u00edvel na p\u00e1gina: de acompanhamento do Processo Seletivo no site do IF Baiano &#8211; Campus Bom Jesus da Lapa, atrav\u00e9s do link: <a href=\"https:\/\/www.ifbaiano.edu.br\/unidades\/lapa\/edital-no-01-2025\/\">https:\/\/www.ifbaiano.edu.br\/unidades\/lapa\/edital-no-01-2025\/<\/a><br>D\u00favidas: prosel.sisu@lapa.ifbaiano.edu.br<\/p>\n","protected":false},"excerpt":{"rendered":"<p>O Ifbaiano &#8211; Campus Bom Jesus da Lapa comunica o lan\u00e7amento do Edital 01\/2025 &#8211; Sele\u00e7\u00e3o de Candidatos(as) para preenchimento de vagas no curso de gradua\u00e7\u00e3o em Engenharia Agron\u00f4mica.Ser\u00e3o 28 vagas destinada ao processo seletivo pr\u00f3prio do Campus Bom Jesus da Lapa e remanescentes do processo seletivo SISU 2024.2.As inscri\u00e7\u00f5es ocorrer\u00e3o das 00h de 13\/01\/2025 [&hellip;]<\/p>\n","protected":false},"author":181,"featured_media":29364,"comment_status":"open","ping_status":"open","sticky":true,"template":"","format":"standard","meta":[],"categories":[115,64,24,65],"tags":[],"_links":{"self":[{"href":"https:\/\/www.ifbaiano.edu.br\/unidades\/lapa\/wp-json\/wp\/v2\/posts\/29363"}],"collection":[{"href":"https:\/\/www.ifbaiano.edu.br\/unidades\/lapa\/wp-json\/wp\/v2\/posts"}],"about":[{"href":"https:\/\/www.ifbaiano.edu.br\/unidades\/lapa\/wp-json\/wp\/v2\/types\/post"}],"author":[{"embeddable":true,"href":"https:\/\/www.ifbaiano.edu.br\/unidades\/lapa\/wp-json\/wp\/v2\/users\/181"}],"replies":[{"embeddable":true,"href":"https:\/\/www.ifbaiano.edu.br\/unidades\/lapa\/wp-json\/wp\/v2\/comments?post=29363"}],"version-history":[{"count":1,"href":"https:\/\/www.ifbaiano.edu.br\/unidades\/lapa\/wp-json\/wp\/v2\/posts\/29363\/revisions"}],"predecessor-version":[{"id":29365,"href":"https:\/\/www.ifbaiano.edu.br\/unidades\/lapa\/wp-json\/wp\/v2\/posts\/29363\/revisions\/29365"}],"wp:featuredmedia":[{"embeddable":true,"href":"https:\/\/www.ifbaiano.edu.br\/unidades\/lapa\/wp-json\/wp\/v2\/media\/29364"}],"wp:attachment":[{"href":"https:\/\/www.ifbaiano.edu.br\/unidades\/lapa\/wp-json\/wp\/v2\/media?parent=29363"}],"wp:term":[{"taxonomy":"category","embeddable":true,"href":"https:\/\/www.ifbaiano.edu.br\/unidades\/lapa\/wp-json\/wp\/v2\/categories?post=29363"},{"taxonomy":"post_tag","embeddable":true,"href":"https:\/\/www.ifbaiano.edu.br\/unidades\/lapa\/wp-json\/wp\/v2\/tags?post=29363"}],"curies":[{"name":"wp","href":"https:\/\/api.w.org\/{rel}","templated":true}]}}