{"id":29531,"date":"2025-03-14T10:13:55","date_gmt":"2025-03-14T13:13:55","guid":{"rendered":"https:\/\/www.ifbaiano.edu.br\/unidades\/lapa\/?p=29531"},"modified":"2025-03-14T10:17:45","modified_gmt":"2025-03-14T13:17:45","slug":"edital-no-11-2025-processo-seletivo-de-vagas-remanescentes-para-ingresso-de-estudantes-nos-cursos-da-educacao-profissional-tecnica-de-nivel-medio-na-forma-subsequente-ao-ensino-medio","status":"publish","type":"post","link":"https:\/\/www.ifbaiano.edu.br\/unidades\/lapa\/2025\/03\/14\/edital-no-11-2025-processo-seletivo-de-vagas-remanescentes-para-ingresso-de-estudantes-nos-cursos-da-educacao-profissional-tecnica-de-nivel-medio-na-forma-subsequente-ao-ensino-medio\/","title":{"rendered":"EDITAL N\u00ba 11\/2025 \u2013 PROCESSO SELETIVO DE VAGAS REMANESCENTES PARA INGRESSO DE ESTUDANTES NOS CURSOS DA EDUCA\u00c7\u00c3O PROFISSIONAL T\u00c9CNICA DE N\u00cdVEL M\u00c9DIO, NA FORMA SUBSEQUENTE AO ENSINO M\u00c9DIO \u2013 MODALIDADE EaD \u2013\u00a0ANO LETIVO 2025"},"content":{"rendered":"\n<figure class=\"wp-block-image size-large is-resized\"><img decoding=\"async\" loading=\"lazy\" src=\"https:\/\/www.ifbaiano.edu.br\/unidades\/lapa\/files\/2025\/03\/5973-CARD-vagas-remanescente-cursos-EAD-1024x1024.webp\" alt=\"\" class=\"wp-image-29526\" width=\"610\" height=\"610\" srcset=\"https:\/\/www.ifbaiano.edu.br\/unidades\/lapa\/files\/2025\/03\/5973-CARD-vagas-remanescente-cursos-EAD-1024x1024.webp 1024w, https:\/\/www.ifbaiano.edu.br\/unidades\/lapa\/files\/2025\/03\/5973-CARD-vagas-remanescente-cursos-EAD-300x300.webp 300w, https:\/\/www.ifbaiano.edu.br\/unidades\/lapa\/files\/2025\/03\/5973-CARD-vagas-remanescente-cursos-EAD-150x150.webp 150w, https:\/\/www.ifbaiano.edu.br\/unidades\/lapa\/files\/2025\/03\/5973-CARD-vagas-remanescente-cursos-EAD-768x768.webp 768w, https:\/\/www.ifbaiano.edu.br\/unidades\/lapa\/files\/2025\/03\/5973-CARD-vagas-remanescente-cursos-EAD-100x100.webp 100w, https:\/\/www.ifbaiano.edu.br\/unidades\/lapa\/files\/2025\/03\/5973-CARD-vagas-remanescente-cursos-EAD.webp 1080w\" sizes=\"(max-width: 610px) 100vw, 610px\" \/><\/figure>\n\n\n\n<p>O IF Baiano Campus Bom Jesus da Lapa comunica o lan\u00e7amento do Edital n\u00ba 11\/2025, de&nbsp;12 de mar\u00e7o de 2025 visando o preenchimento de 108 vagas remanescentes nos Cursos T\u00e9cnicos em Subsequentes ao Ensino M\u00e9dio \u2013 Modalidade EAD.<br><br>Se voc\u00ea concluiu o Ensino M\u00e9dio e deseja ingressar em uma forma\u00e7\u00e3o t\u00e9cnica, esta \u00e9 a chance! As inscri\u00e7\u00f5es\/matr\u00edculas ocorrer\u00e3o,&nbsp;<strong>PRESENCIALMENTE<\/strong>, no per\u00edodo de&nbsp;17 de mar\u00e7o a&nbsp;28 de mar\u00e7o de 2025 por meio de manifesta\u00e7\u00e3o de interesse na vaga.<\/p>\n\n\n\n<p>Confira as op\u00e7\u00f5es de cursos e vagas dispon\u00edveis:<br><br>T\u00e9cnico em Multimeios Did\u00e1ticos\u00a0 &#8211; 38 vagas<br>T\u00e9cnico em Secretaria Escolar\u00a0 &#8211; 33 vagas<\/p>\n\n\n\n<p>T\u00e9cnico em Vendas \u2013 37 vagas<\/p>\n\n\n\n<p>Para participar \u00e9 necess\u00e1rio apresentar a documenta\u00e7\u00e3o exigida, conforme condi\u00e7\u00f5es indicadas nos itens 3.1 e 3.2 do edital, na Secretaria de Registros Acad\u00eamicos do Campus Bom Jesus da Lapa ou no Polo de santa Maria da Vit\u00f3ria, de&nbsp;segunda&nbsp;\u00e0&nbsp;sexta-feira (das 8h \u00e0s 12h e das 14h \u00e0s 16h).<\/p>\n\n\n\n<p>Para mais detalhes, consulte o edital dispon\u00edvel no site do IF Baiano Campus Bom Jesus da Lapa atrav\u00e9s do link:&nbsp;<a href=\"https:\/\/www.ifbaiano.edu.br\/unidades\/lapa\/editais-e-selecoes-2025\/\" target=\"_blank\" rel=\"noreferrer noopener\">https:\/\/www.ifbaiano.edu.br\/unidades\/lapa\/editais-e-selecoes-2025\/<\/a><\/p>\n\n\n\n<p>D\u00favidas? Entre em contato pelo e-mail:&nbsp;prosel.lapa@ifbaiano.edu.br&nbsp;ou WhatsApp:&nbsp;<a href=\"(77) 2102-9545\">(77) 2102-9545<\/a><\/p>\n","protected":false},"excerpt":{"rendered":"<p>O IF Baiano Campus Bom Jesus da Lapa comunica o lan\u00e7amento do Edital n\u00ba 11\/2025, de&nbsp;12 de mar\u00e7o de 2025 visando o preenchimento de 108 vagas remanescentes nos Cursos T\u00e9cnicos em Subsequentes ao Ensino M\u00e9dio \u2013 Modalidade EAD. Se voc\u00ea concluiu o Ensino M\u00e9dio e deseja ingressar em uma forma\u00e7\u00e3o t\u00e9cnica, esta \u00e9 a chance! [&hellip;]<\/p>\n","protected":false},"author":192,"featured_media":29526,"comment_status":"open","ping_status":"open","sticky":false,"template":"","format":"standard","meta":[],"categories":[115,64,24,73,1,65],"tags":[],"_links":{"self":[{"href":"https:\/\/www.ifbaiano.edu.br\/unidades\/lapa\/wp-json\/wp\/v2\/posts\/29531"}],"collection":[{"href":"https:\/\/www.ifbaiano.edu.br\/unidades\/lapa\/wp-json\/wp\/v2\/posts"}],"about":[{"href":"https:\/\/www.ifbaiano.edu.br\/unidades\/lapa\/wp-json\/wp\/v2\/types\/post"}],"author":[{"embeddable":true,"href":"https:\/\/www.ifbaiano.edu.br\/unidades\/lapa\/wp-json\/wp\/v2\/users\/192"}],"replies":[{"embeddable":true,"href":"https:\/\/www.ifbaiano.edu.br\/unidades\/lapa\/wp-json\/wp\/v2\/comments?post=29531"}],"version-history":[{"count":2,"href":"https:\/\/www.ifbaiano.edu.br\/unidades\/lapa\/wp-json\/wp\/v2\/posts\/29531\/revisions"}],"predecessor-version":[{"id":29533,"href":"https:\/\/www.ifbaiano.edu.br\/unidades\/lapa\/wp-json\/wp\/v2\/posts\/29531\/revisions\/29533"}],"wp:featuredmedia":[{"embeddable":true,"href":"https:\/\/www.ifbaiano.edu.br\/unidades\/lapa\/wp-json\/wp\/v2\/media\/29526"}],"wp:attachment":[{"href":"https:\/\/www.ifbaiano.edu.br\/unidades\/lapa\/wp-json\/wp\/v2\/media?parent=29531"}],"wp:term":[{"taxonomy":"category","embeddable":true,"href":"https:\/\/www.ifbaiano.edu.br\/unidades\/lapa\/wp-json\/wp\/v2\/categories?post=29531"},{"taxonomy":"post_tag","embeddable":true,"href":"https:\/\/www.ifbaiano.edu.br\/unidades\/lapa\/wp-json\/wp\/v2\/tags?post=29531"}],"curies":[{"name":"wp","href":"https:\/\/api.w.org\/{rel}","templated":true}]}}